{"id":832,"date":"2010-05-08T22:28:00","date_gmt":"2010-05-08T20:28:00","guid":{"rendered":"http:\/\/www.michael-krell.com\/?p=832"},"modified":"2017-05-16T14:50:23","modified_gmt":"2017-05-16T12:50:23","slug":"vizetitel-mittelfraenkische-duathlonmeisterschaften","status":"publish","type":"post","link":"https:\/\/www.michael-krell.com\/de\/vizetitel-mittelfraenkische-duathlonmeisterschaften\/","title":{"rendered":"Vizetitel Mittelfr\u00e4nkische Duathlonmeisterschaften"},"content":{"rendered":"<div style=\"clear: both; text-align: center;\"><a href=\"http:\/\/4.bp.blogspot.com\/_0j3c4ndfFAY\/S-W_4bNTJrI\/AAAAAAAABK0\/R6ZDhcksU3M\/s1600\/DSC_7820.JPG\" style=\"margin-left: 1em; margin-right: 1em;\"><img loading=\"lazy\" decoding=\"async\" border=\"0\" height=\"266\" src=\"http:\/\/4.bp.blogspot.com\/_0j3c4ndfFAY\/S-W_4bNTJrI\/AAAAAAAABK0\/R6ZDhcksU3M\/s400\/DSC_7820.JPG\" tt=\"true\" width=\"400\" \/><\/a><\/div>\n<p>Hey Leute,<\/p>\n<p>zuallererst einmal alle H\u00fcte ab vor Thomas Hofmann, meinem Vereinskollegen beim VFL Triteam N\u00fcrnberg, der heute seinen ersten Duathlon \u00fcberhaupt gemacht und diesen&nbsp;auf Anhieb gewonnen hat! Damit holte er sich zugleich den Titel des mittelf\u00e4nkischen Duathlonmeisters in Burgoberbach. Extrem \u00fcberraschend, wenn man bedenkt dass seine Halbmarathonzeit &#8222;NUR&#8220;&nbsp;bei 1:12 Std. liegt! \ud83d\ude09<br \/>Ich errang zwar den Vizetitel, aber dass mir Thomas dabei&nbsp;mehr als 2 Minuten abgenommen hat, das verschweige ich hier mal lieber&#8230;lach<\/p>\n<p>Absolviert wurden zuerst&nbsp;f\u00fcnf recht wellige Laufkilometer, bevor es auf knackige 24 Kilometer auf dem Rad&nbsp;in scharfen Kurven um die Ortschaften um Burgoberbach ging und abschlie\u00dfend noch einmal auf die 5km Laufrunde.<\/p>\n<div style=\"clear: both; text-align: center;\"><a href=\"http:\/\/2.bp.blogspot.com\/_0j3c4ndfFAY\/S-ZX-eagvmI\/AAAAAAAABLE\/GjQwDKyrlLE\/s1600\/DSC_7696.JPG\" style=\"margin-left: 1em; margin-right: 1em;\"><img loading=\"lazy\" decoding=\"async\" border=\"0\" height=\"266\" src=\"http:\/\/2.bp.blogspot.com\/_0j3c4ndfFAY\/S-ZX-eagvmI\/AAAAAAAABLE\/GjQwDKyrlLE\/s400\/DSC_7696.JPG\" tt=\"true\" width=\"400\" \/><\/a><\/div>\n<div style=\"text-align: center;\"><span style=\"font-size: x-small;\">die \u00fcblichen Verd\u00e4chtigen, vl. Oliver, Michi, Bernd, moi, Simon<\/span><\/div>\n<p><span style=\"font-size: x-small;\"><\/span><\/p>\n<div style=\"text-align: left;\">Ich wollte heute mal mein Equipment f\u00fcr die Ligaeins\u00e4tze testen und fuhr die Strecke&nbsp;mit meinem schnieken&nbsp;Rennrad. Hier mal der Wettkampf aus meiner Perspektive:<\/div>\n<p>Startschuss, los gehts! oleeeeee<br \/>km 1: oh mann, alle rennen mal wieder los wie der Teufel, langsam schiebe ich mich rechts und links durch die L\u00e4ufer bis ich erstmal auf dem&nbsp;vierten Platz lande<br \/>km 2: so, jetzt bin ich zumindestens mal dritter&#8230;aber was macht denn mein Vereinskollege Thomas da, der ist ja mindestens schon 20 Sekunden weg!!<br \/>km 3: puhh, jetzt wirds aber ganz sch\u00f6n anstrengend wieder den Berg da hoch, inzwischen bin ich zweiter L\u00e4ufer, aber Thomas enteilt mir Schritt f\u00fcr Schritt, keine Chance.<\/p>\n<div style=\"clear: both; text-align: center;\"><a href=\"http:\/\/2.bp.blogspot.com\/_0j3c4ndfFAY\/S-Zmi7Pmp6I\/AAAAAAAABLU\/K1WG7oO-fpc\/s1600\/photo362.jpg\" style=\"margin-left: 1em; margin-right: 1em;\"><img loading=\"lazy\" decoding=\"async\" border=\"0\" height=\"266\" src=\"http:\/\/2.bp.blogspot.com\/_0j3c4ndfFAY\/S-Zmi7Pmp6I\/AAAAAAAABLU\/K1WG7oO-fpc\/s400\/photo362.jpg\" tt=\"true\" width=\"400\" \/><\/a><\/div>\n<div align=\"center\"><span style=\"font-size: x-small;\"><a href=\"http:\/\/www.behrendt-lauffotos.de\/\">http:\/\/www.behrendt-lauffotos.de\/<\/a><\/span><\/div>\n<div align=\"center\"><\/div>\n<p>km 4: Mist, jetzt \u00fcberholt mich das &#8222;Fliegengewicht&#8220; \ud83d\ude09&nbsp;aus W\u00fcrzburg, ich bleib einfach mal dran!<br \/>km 5: Gott sei Dank, endlich der 1.Wechsel, noch einen Meter mehr und ich w\u00e4hr umgekippt, irgendwie haut es heute nicht hin. Naja, wenn ich so in die Gesichter der anderen schaue, geht es wohl so manchen noch schlimmer als mir&#8230;<\/p>\n<div style=\"clear: both; text-align: center;\"><a href=\"http:\/\/2.bp.blogspot.com\/_0j3c4ndfFAY\/S-ZmwZowgNI\/AAAAAAAABLc\/1qfw9Z86g1c\/s1600\/photo204.jpg\" style=\"margin-left: 1em; margin-right: 1em;\"><img loading=\"lazy\" decoding=\"async\" border=\"0\" height=\"266\" src=\"http:\/\/2.bp.blogspot.com\/_0j3c4ndfFAY\/S-ZmwZowgNI\/AAAAAAAABLc\/1qfw9Z86g1c\/s400\/photo204.jpg\" tt=\"true\" width=\"400\" \/><\/a><\/div>\n<div style=\"text-align: center;\"><span style=\"font-size: x-small;\"><a href=\"http:\/\/www.behrendt-lauffotos.de\/\">http:\/\/www.behrendt-lauffotos.de\/<\/a><\/span><\/div>\n<p>RadKM 5: naja, mal wieder grottiger Wechsel, jetzt bin ich zumindestens mal losgefahren, befinde mich derzeit auf dem 4.Platz<br \/>RadKM 8: wuuuuusscchhhhh, und weg fliegen sie, meine Aufliegerpads!!! Das gibts doch nicht, den hab ich erst heute aufgeschraubt!! Super, jetzt liegen meine Unterarme, auf dem eh viel zu kurzen Auflieger, direkt auf den Schrauben \ud83d\ude09<br \/>RadKM 9: so jetzt reichts, am Berg gehe ich an Platz 4 vorbei und bin wieder dritter.<br \/>RadKM 10: was klingt denn da hinten so verd\u00e4chtig nach Scheibe??? es sind zwei Dr\u00fcckerjungs, die nur so an mir vorbeifliegen&#8230;hasta la vista&#8230;<br \/>RadKM 15: trinken sollte ich auch mal&#8230;<br \/>RadKM 18: irgendwie ist es doch sch\u00f6n hier, ich mache&nbsp;es mir&nbsp;gerade auf meinem 5.Platz bequem \ud83d\ude42<br \/>RadKM 22: wie jetzt, da kommt doch noch einer von hinten!?&#8230;ok, aber bis zum 2.Wechsel stresse ich mich jetzt nicht mehr<br \/>RadKM 24: Endlich kommt das Start\/Ziel Areal wieder, eigentlich will ich mich jetzt in die Wiese legen und schlafen. Als 6er steige ich vom Rad ab.<\/p>\n<div style=\"clear: both; text-align: center;\"><a href=\"http:\/\/2.bp.blogspot.com\/_0j3c4ndfFAY\/S-Zl9gObl1I\/AAAAAAAABLM\/_Y0THqgPr4U\/s1600\/photo345.jpg\" style=\"margin-left: 1em; margin-right: 1em;\"><img loading=\"lazy\" decoding=\"async\" border=\"0\" height=\"266\" src=\"http:\/\/2.bp.blogspot.com\/_0j3c4ndfFAY\/S-Zl9gObl1I\/AAAAAAAABLM\/_Y0THqgPr4U\/s400\/photo345.jpg\" tt=\"true\" width=\"400\" \/><\/a><\/div>\n<div style=\"text-align: center;\"><span style=\"font-size: x-small;\">und da war es nur noch ein Pad \ud83d\ude09 &#8211; <a href=\"http:\/\/www.behrendt-lauffotos.de\/\">http:\/\/www.behrendt-lauffotos.de\/<\/a><\/span><\/div>\n<p>km 1: ich merke dass es&nbsp;beim zweiten Mal schon richtig anstrengend wird, irgendwie komme ich aber wieder n\u00e4her an die vor mir laufenden ran.<br \/>km 2: oh nein, jetzt bin ich nur noch 5 Meter von Nr.5 entfernt, nun musst du aber auch mal laufen krelli!<br \/>km 3: am 4. L\u00e4ufer bin ich nun ebenfalls vorbei, seh ich da im Augenwinkel Stefan Daehne?? Der Stefan, der 60 Stunden die Woche arbeiten muss, den ich f\u00fcr mein Buch interviewt habe? Oh ja, er ist es und er ist direkt hinter mir, alles klar, der Stefan ist zwar ein Lieber, aber vorbei lasse ich ihn heute nicht! Noch mal laufen du faule Socke!!<br \/>km 4: so sehen Leiden aus?? Zumindestens werden dass die Zuschauer denken, die jetzt meinen Gesichtsausdruck sehen&#8230;lach<br \/>km 5 und Ziel: &#8230;macht Platz, ich muss mich gleich erstmal hinlegen!! Herr Ober! zwei Cola intraven\u00f6s bitte, und eins von dem Mandarinen-Quark-Kuchen!!!<\/p>\n<p><a href=\"http:\/\/www.triathlonteam-burgoberbach.de\/ergebnisse.htm\">Die Ergebnisse gibt es hier!<\/a><\/p>\n<div style=\"clear: both; text-align: center;\"><a href=\"http:\/\/4.bp.blogspot.com\/_0j3c4ndfFAY\/S-XImErQY3I\/AAAAAAAABK8\/1LFmdkLO5gs\/s1600\/DSC_7787.JPG\" style=\"margin-left: 1em; margin-right: 1em;\"><img loading=\"lazy\" decoding=\"async\" border=\"0\" height=\"266\" src=\"http:\/\/4.bp.blogspot.com\/_0j3c4ndfFAY\/S-XImErQY3I\/AAAAAAAABK8\/1LFmdkLO5gs\/s400\/DSC_7787.JPG\" tt=\"true\" width=\"400\" \/><\/a><\/div>\n<p>sch\u00f6nes Wochenende!!!<br \/>krelli<\/p>\n","protected":false},"excerpt":{"rendered":"<p>Hey Leute, zuallererst einmal alle H\u00fcte ab vor Thomas Hofmann, meinem Vereinskollegen beim VFL Triteam N\u00fcrnberg, der heute seinen ersten [&hellip;]<\/p>\n","protected":false},"author":2,"featured_media":0,"comment_status":"open","ping_status":"open","sticky":false,"template":"","format":"standard","meta":{"footnotes":""},"categories":[1220],"tags":[],"class_list":["post-832","post","type-post","status-publish","format-standard","hentry","category-privates"],"yoast_head":"<!-- This site is optimized with the Yoast SEO plugin v19.8 - https:\/\/yoast.com\/wordpress\/plugins\/seo\/ -->\n<title>Vizetitel Mittelfr\u00e4nkische Duathlonmeisterschaften - Michael Krell Triathlon Coaching<\/title>\n<meta name=\"robots\" content=\"index, follow, max-snippet:-1, max-image-preview:large, max-video-preview:-1\" \/>\n<link rel=\"canonical\" href=\"https:\/\/www.michael-krell.com\/de\/vizetitel-mittelfraenkische-duathlonmeisterschaften\/\" \/>\n<meta property=\"og:locale\" content=\"de_DE\" \/>\n<meta property=\"og:type\" content=\"article\" \/>\n<meta property=\"og:title\" content=\"Vizetitel Mittelfr\u00e4nkische Duathlonmeisterschaften - Michael Krell Triathlon Coaching\" \/>\n<meta property=\"og:description\" content=\"Hey Leute, zuallererst einmal alle H\u00fcte ab vor Thomas Hofmann, meinem Vereinskollegen beim VFL Triteam N\u00fcrnberg, der heute seinen ersten [&hellip;]\" \/>\n<meta property=\"og:url\" content=\"https:\/\/www.michael-krell.com\/de\/vizetitel-mittelfraenkische-duathlonmeisterschaften\/\" \/>\n<meta property=\"og:site_name\" content=\"Michael Krell Triathlon Coaching\" \/>\n<meta property=\"article:published_time\" content=\"2010-05-08T20:28:00+00:00\" \/>\n<meta property=\"article:modified_time\" content=\"2017-05-16T12:50:23+00:00\" \/>\n<meta property=\"og:image\" content=\"http:\/\/4.bp.blogspot.com\/_0j3c4ndfFAY\/S-W_4bNTJrI\/AAAAAAAABK0\/R6ZDhcksU3M\/s400\/DSC_7820.JPG\" \/>\n<meta name=\"author\" content=\"Michael Krell\" \/>\n<meta name=\"twitter:card\" content=\"summary_large_image\" \/>\n<meta name=\"twitter:label1\" content=\"Verfasst von\" \/>\n\t<meta name=\"twitter:data1\" content=\"Michael Krell\" \/>\n\t<meta name=\"twitter:label2\" content=\"Gesch\u00e4tzte Lesezeit\" \/>\n\t<meta name=\"twitter:data2\" content=\"3\u00a0Minuten\" \/>\n<script type=\"application\/ld+json\" class=\"yoast-schema-graph\">{\"@context\":\"https:\/\/schema.org\",\"@graph\":[{\"@type\":\"WebPage\",\"@id\":\"https:\/\/www.michael-krell.com\/de\/vizetitel-mittelfraenkische-duathlonmeisterschaften\/\",\"url\":\"https:\/\/www.michael-krell.com\/de\/vizetitel-mittelfraenkische-duathlonmeisterschaften\/\",\"name\":\"Vizetitel Mittelfr\u00e4nkische Duathlonmeisterschaften - Michael Krell Triathlon Coaching\",\"isPartOf\":{\"@id\":\"https:\/\/www.michael-krell.com\/en\/#website\"},\"datePublished\":\"2010-05-08T20:28:00+00:00\",\"dateModified\":\"2017-05-16T12:50:23+00:00\",\"author\":{\"@id\":\"https:\/\/www.michael-krell.com\/en\/#\/schema\/person\/17d0c03cb1e15db7305e41b6170a4237\"},\"breadcrumb\":{\"@id\":\"https:\/\/www.michael-krell.com\/de\/vizetitel-mittelfraenkische-duathlonmeisterschaften\/#breadcrumb\"},\"inLanguage\":\"de\",\"potentialAction\":[{\"@type\":\"ReadAction\",\"target\":[\"https:\/\/www.michael-krell.com\/de\/vizetitel-mittelfraenkische-duathlonmeisterschaften\/\"]}]},{\"@type\":\"BreadcrumbList\",\"@id\":\"https:\/\/www.michael-krell.com\/de\/vizetitel-mittelfraenkische-duathlonmeisterschaften\/#breadcrumb\",\"itemListElement\":[{\"@type\":\"ListItem\",\"position\":1,\"name\":\"Startseite\",\"item\":\"https:\/\/www.michael-krell.com\/en\/\"},{\"@type\":\"ListItem\",\"position\":2,\"name\":\"Vizetitel Mittelfr\u00e4nkische Duathlonmeisterschaften\"}]},{\"@type\":\"WebSite\",\"@id\":\"https:\/\/www.michael-krell.com\/en\/#website\",\"url\":\"https:\/\/www.michael-krell.com\/en\/\",\"name\":\"Michael Krell Triathlon Coaching\",\"description\":\"\",\"potentialAction\":[{\"@type\":\"SearchAction\",\"target\":{\"@type\":\"EntryPoint\",\"urlTemplate\":\"https:\/\/www.michael-krell.com\/en\/?s={search_term_string}\"},\"query-input\":\"required name=search_term_string\"}],\"inLanguage\":\"de\"},{\"@type\":\"Person\",\"@id\":\"https:\/\/www.michael-krell.com\/en\/#\/schema\/person\/17d0c03cb1e15db7305e41b6170a4237\",\"name\":\"Michael Krell\",\"image\":{\"@type\":\"ImageObject\",\"inLanguage\":\"de\",\"@id\":\"https:\/\/www.michael-krell.com\/en\/#\/schema\/person\/image\/\",\"url\":\"https:\/\/secure.gravatar.com\/avatar\/33e39b9fbaf6777afb9b8559d921c4d22f4fd87cba8562434fa169fa71aeb1b3?s=96&d=mm&r=g\",\"contentUrl\":\"https:\/\/secure.gravatar.com\/avatar\/33e39b9fbaf6777afb9b8559d921c4d22f4fd87cba8562434fa169fa71aeb1b3?s=96&d=mm&r=g\",\"caption\":\"Michael Krell\"},\"url\":\"https:\/\/www.michael-krell.com\/de\/author\/krelli\/\"}]}<\/script>\n<!-- \/ Yoast SEO plugin. -->","yoast_head_json":{"title":"Vizetitel Mittelfr\u00e4nkische Duathlonmeisterschaften - Michael Krell Triathlon Coaching","robots":{"index":"index","follow":"follow","max-snippet":"max-snippet:-1","max-image-preview":"max-image-preview:large","max-video-preview":"max-video-preview:-1"},"canonical":"https:\/\/www.michael-krell.com\/de\/vizetitel-mittelfraenkische-duathlonmeisterschaften\/","og_locale":"de_DE","og_type":"article","og_title":"Vizetitel Mittelfr\u00e4nkische Duathlonmeisterschaften - Michael Krell Triathlon Coaching","og_description":"Hey Leute, zuallererst einmal alle H\u00fcte ab vor Thomas Hofmann, meinem Vereinskollegen beim VFL Triteam N\u00fcrnberg, der heute seinen ersten [&hellip;]","og_url":"https:\/\/www.michael-krell.com\/de\/vizetitel-mittelfraenkische-duathlonmeisterschaften\/","og_site_name":"Michael Krell Triathlon Coaching","article_published_time":"2010-05-08T20:28:00+00:00","article_modified_time":"2017-05-16T12:50:23+00:00","og_image":[{"url":"http:\/\/4.bp.blogspot.com\/_0j3c4ndfFAY\/S-W_4bNTJrI\/AAAAAAAABK0\/R6ZDhcksU3M\/s400\/DSC_7820.JPG"}],"author":"Michael Krell","twitter_card":"summary_large_image","twitter_misc":{"Verfasst von":"Michael Krell","Gesch\u00e4tzte Lesezeit":"3\u00a0Minuten"},"schema":{"@context":"https:\/\/schema.org","@graph":[{"@type":"WebPage","@id":"https:\/\/www.michael-krell.com\/de\/vizetitel-mittelfraenkische-duathlonmeisterschaften\/","url":"https:\/\/www.michael-krell.com\/de\/vizetitel-mittelfraenkische-duathlonmeisterschaften\/","name":"Vizetitel Mittelfr\u00e4nkische Duathlonmeisterschaften - Michael Krell Triathlon Coaching","isPartOf":{"@id":"https:\/\/www.michael-krell.com\/en\/#website"},"datePublished":"2010-05-08T20:28:00+00:00","dateModified":"2017-05-16T12:50:23+00:00","author":{"@id":"https:\/\/www.michael-krell.com\/en\/#\/schema\/person\/17d0c03cb1e15db7305e41b6170a4237"},"breadcrumb":{"@id":"https:\/\/www.michael-krell.com\/de\/vizetitel-mittelfraenkische-duathlonmeisterschaften\/#breadcrumb"},"inLanguage":"de","potentialAction":[{"@type":"ReadAction","target":["https:\/\/www.michael-krell.com\/de\/vizetitel-mittelfraenkische-duathlonmeisterschaften\/"]}]},{"@type":"BreadcrumbList","@id":"https:\/\/www.michael-krell.com\/de\/vizetitel-mittelfraenkische-duathlonmeisterschaften\/#breadcrumb","itemListElement":[{"@type":"ListItem","position":1,"name":"Startseite","item":"https:\/\/www.michael-krell.com\/en\/"},{"@type":"ListItem","position":2,"name":"Vizetitel Mittelfr\u00e4nkische Duathlonmeisterschaften"}]},{"@type":"WebSite","@id":"https:\/\/www.michael-krell.com\/en\/#website","url":"https:\/\/www.michael-krell.com\/en\/","name":"Michael Krell Triathlon Coaching","description":"","potentialAction":[{"@type":"SearchAction","target":{"@type":"EntryPoint","urlTemplate":"https:\/\/www.michael-krell.com\/en\/?s={search_term_string}"},"query-input":"required name=search_term_string"}],"inLanguage":"de"},{"@type":"Person","@id":"https:\/\/www.michael-krell.com\/en\/#\/schema\/person\/17d0c03cb1e15db7305e41b6170a4237","name":"Michael Krell","image":{"@type":"ImageObject","inLanguage":"de","@id":"https:\/\/www.michael-krell.com\/en\/#\/schema\/person\/image\/","url":"https:\/\/secure.gravatar.com\/avatar\/33e39b9fbaf6777afb9b8559d921c4d22f4fd87cba8562434fa169fa71aeb1b3?s=96&d=mm&r=g","contentUrl":"https:\/\/secure.gravatar.com\/avatar\/33e39b9fbaf6777afb9b8559d921c4d22f4fd87cba8562434fa169fa71aeb1b3?s=96&d=mm&r=g","caption":"Michael Krell"},"url":"https:\/\/www.michael-krell.com\/de\/author\/krelli\/"}]}},"_links":{"self":[{"href":"https:\/\/www.michael-krell.com\/de\/wp-json\/wp\/v2\/posts\/832","targetHints":{"allow":["GET"]}}],"collection":[{"href":"https:\/\/www.michael-krell.com\/de\/wp-json\/wp\/v2\/posts"}],"about":[{"href":"https:\/\/www.michael-krell.com\/de\/wp-json\/wp\/v2\/types\/post"}],"author":[{"embeddable":true,"href":"https:\/\/www.michael-krell.com\/de\/wp-json\/wp\/v2\/users\/2"}],"replies":[{"embeddable":true,"href":"https:\/\/www.michael-krell.com\/de\/wp-json\/wp\/v2\/comments?post=832"}],"version-history":[{"count":1,"href":"https:\/\/www.michael-krell.com\/de\/wp-json\/wp\/v2\/posts\/832\/revisions"}],"predecessor-version":[{"id":4227,"href":"https:\/\/www.michael-krell.com\/de\/wp-json\/wp\/v2\/posts\/832\/revisions\/4227"}],"wp:attachment":[{"href":"https:\/\/www.michael-krell.com\/de\/wp-json\/wp\/v2\/media?parent=832"}],"wp:term":[{"taxonomy":"category","embeddable":true,"href":"https:\/\/www.michael-krell.com\/de\/wp-json\/wp\/v2\/categories?post=832"},{"taxonomy":"post_tag","embeddable":true,"href":"https:\/\/www.michael-krell.com\/de\/wp-json\/wp\/v2\/tags?post=832"}],"curies":[{"name":"wp","href":"https:\/\/api.w.org\/{rel}","templated":true}]}}