{"id":854,"date":"2010-03-23T09:36:00","date_gmt":"2010-03-23T08:36:00","guid":{"rendered":"http:\/\/www.michael-krell.com\/?p=854"},"modified":"2017-04-18T18:25:10","modified_gmt":"2017-04-18T16:25:10","slug":"tricamp-mallorca","status":"publish","type":"post","link":"https:\/\/www.michael-krell.com\/de\/tricamp-mallorca\/","title":{"rendered":"Tricamp Mallorca"},"content":{"rendered":"<div style=\"clear: both; text-align: center;\"><a style=\"margin-left: 1em; margin-right: 1em;\" href=\"http:\/\/2.bp.blogspot.com\/_0j3c4ndfFAY\/S6htZMUHjSI\/AAAAAAAAAy8\/4-R8zXwtXmI\/s1600-h\/finca.jpg\"><img loading=\"lazy\" decoding=\"async\" src=\"http:\/\/2.bp.blogspot.com\/_0j3c4ndfFAY\/S6htZMUHjSI\/AAAAAAAAAy8\/4-R8zXwtXmI\/s400\/finca.jpg\" width=\"300\" height=\"400\" border=\"0\" \/><\/a><\/div>\n<p>Hallo Leute,<\/p>\n<p>bald ist es soweit und ich\u00a0fliege endlich ab in die Sonne!!<br \/>\nZumindestens hoffe ich das, vor zwei Wochen lag sogar noch Schnee an den Str\u00e4nden auf Mallorca. Daher bin ich recht bescheiden und gebe mich mit nur\u00a020 Grad zufrieden \ud83d\ude09<\/p>\n<p>Ob daraus ein gem\u00fctliches Grundlagencamp wird, wie Tobi es mir versprochen hat, wage ich anhand der Teilnehmerliste zu bezweifeln. Neben den \u00fcblichen Verd\u00e4chtigen, ist auch Luke Dragsta und ein paar Bundesligastarter mit dabei. Naja, Letztere k\u00f6nnen mir dann zumindestens mal das Schwimmen beibringen \ud83d\ude09<\/p>\n<p>Ich hoffe dass der Rest der Gruppe &#8222;vern\u00fcnftig&#8220; bleibt, damit ich\u00a0jeden Tag\u00a0auch l\u00e4nger als 30\u00a0Minuten Grundlage fahren kann, bevor jedesmal\u00a0die Lucie abgeht, sobald wir das Ortsausgangsschild passieren.<\/p>\n<p>Wohnen werden wir in einer riesigen Finca mit Pool, irgendwo im Norden der Insel. Fragt mich nicht, wie der Ort genau hei\u00dft, ich war noch nie auf Mallorca? Ok, als zw\u00f6lfj\u00e4hriger Junge mit meinen Eltern, aber da schaut jeder Strand noch gleich aus. Sie h\u00e4tten mich auch an den Nordseestrand setzen k\u00f6nnen und ich w\u00e4re gl\u00fccklich gewesen\u00a0\ud83d\ude09<\/p>\n<p>Ich habe gerade mal das Programm f\u00fcr die komplette Woche\u00a0\u00fcberflogen, hmm&#8230;Tobi, wir m\u00fcssen uns nochmal unterhalten. Die erste Einheit beginnt damit, dass wir alle vom Flughafen mit dem Fahrrad zur 70km entfernten Finca radeln, w\u00e4hrend der Bus unser ganzen Gep\u00e4ck mitnimmt. Das ist wahrlich eine effektive Methode um jede freie Minute f\u00fcrs Training zu nutzen! Nicht dass ich am letzten Tag zum Flughafen hinlaufen muss, als abschlie\u00dfender &#8222;langer Lauf&#8220; sozusagen&#8230;lach<\/p>\n<div style=\"clear: both; text-align: center;\"><a style=\"margin-left: 1em; margin-right: 1em;\" href=\"http:\/\/2.bp.blogspot.com\/_0j3c4ndfFAY\/S6hzcE_LOyI\/AAAAAAAAAzE\/-huiFobLAOA\/s1600-h\/IMGP4139.JPG\"><img loading=\"lazy\" decoding=\"async\" src=\"http:\/\/2.bp.blogspot.com\/_0j3c4ndfFAY\/S6hzcE_LOyI\/AAAAAAAAAzE\/-huiFobLAOA\/s320\/IMGP4139.JPG\" width=\"320\" height=\"240\" border=\"0\" \/><\/a><\/div>\n<div align=\"center\"><span style=\"font-size: x-small;\">Tobi und Judith, die Organisatoren<\/span><\/div>\n<p>Jeden Morgen geht es erst einmal los mit Schwimmen auf der gemieteten 50m Bahn. Das auf der anderen Seite, h\u00f6rt sich echt gut an:\u00a0fr\u00fch erstmal das Schwimmen aus dem Weg, bevor wir uns nach dem Fr\u00fchst\u00fcck aufs Radl schwingen.\u00a0Nachmittags vielleicht noch ein kleines Koppell\u00e4ufchen an der Laktatgrenze und alles passt \ud83d\ude42<\/p>\n<p>Ansonsten werden wir jede Menge Spa\u00df haben, abends Grill- und Poolparties bei denen wir alle mit &#8222;Apfelschorle&#8220; ansto\u00dfen, die Musik voll aufdrehen, ordentliche Essensportionen verdr\u00fccken\u00a0und\u00a0Sonne satt&#8230;yeah<\/p>\n<p>haut rein!<br \/>\nkrelli<\/p>\n","protected":false},"excerpt":{"rendered":"<p>Hallo Leute, bald ist es soweit und ich\u00a0fliege endlich ab in die Sonne!! Zumindestens hoffe ich das, vor zwei Wochen [&hellip;]<\/p>\n","protected":false},"author":2,"featured_media":0,"comment_status":"open","ping_status":"open","sticky":false,"template":"","format":"standard","meta":{"footnotes":""},"categories":[1220],"tags":[],"class_list":["post-854","post","type-post","status-publish","format-standard","hentry","category-privates"],"yoast_head":"<!-- This site is optimized with the Yoast SEO plugin v19.8 - https:\/\/yoast.com\/wordpress\/plugins\/seo\/ -->\n<title>Tricamp Mallorca - Michael Krell Triathlon Coaching<\/title>\n<meta name=\"robots\" content=\"index, follow, max-snippet:-1, max-image-preview:large, max-video-preview:-1\" \/>\n<link rel=\"canonical\" href=\"https:\/\/www.michael-krell.com\/de\/tricamp-mallorca\/\" \/>\n<meta property=\"og:locale\" content=\"de_DE\" \/>\n<meta property=\"og:type\" content=\"article\" \/>\n<meta property=\"og:title\" content=\"Tricamp Mallorca - Michael Krell Triathlon Coaching\" \/>\n<meta property=\"og:description\" content=\"Hallo Leute, bald ist es soweit und ich\u00a0fliege endlich ab in die Sonne!! Zumindestens hoffe ich das, vor zwei Wochen [&hellip;]\" \/>\n<meta property=\"og:url\" content=\"https:\/\/www.michael-krell.com\/de\/tricamp-mallorca\/\" \/>\n<meta property=\"og:site_name\" content=\"Michael Krell Triathlon Coaching\" \/>\n<meta property=\"article:published_time\" content=\"2010-03-23T08:36:00+00:00\" \/>\n<meta property=\"article:modified_time\" content=\"2017-04-18T16:25:10+00:00\" \/>\n<meta property=\"og:image\" content=\"http:\/\/2.bp.blogspot.com\/_0j3c4ndfFAY\/S6htZMUHjSI\/AAAAAAAAAy8\/4-R8zXwtXmI\/s400\/finca.jpg\" \/>\n<meta name=\"author\" content=\"Michael Krell\" \/>\n<meta name=\"twitter:card\" content=\"summary_large_image\" \/>\n<meta name=\"twitter:label1\" content=\"Verfasst von\" \/>\n\t<meta name=\"twitter:data1\" content=\"Michael Krell\" \/>\n\t<meta name=\"twitter:label2\" content=\"Gesch\u00e4tzte Lesezeit\" \/>\n\t<meta name=\"twitter:data2\" content=\"2\u00a0Minuten\" \/>\n<script type=\"application\/ld+json\" class=\"yoast-schema-graph\">{\"@context\":\"https:\/\/schema.org\",\"@graph\":[{\"@type\":\"WebPage\",\"@id\":\"https:\/\/www.michael-krell.com\/de\/tricamp-mallorca\/\",\"url\":\"https:\/\/www.michael-krell.com\/de\/tricamp-mallorca\/\",\"name\":\"Tricamp Mallorca - Michael Krell Triathlon Coaching\",\"isPartOf\":{\"@id\":\"https:\/\/www.michael-krell.com\/en\/#website\"},\"datePublished\":\"2010-03-23T08:36:00+00:00\",\"dateModified\":\"2017-04-18T16:25:10+00:00\",\"author\":{\"@id\":\"https:\/\/www.michael-krell.com\/en\/#\/schema\/person\/17d0c03cb1e15db7305e41b6170a4237\"},\"breadcrumb\":{\"@id\":\"https:\/\/www.michael-krell.com\/de\/tricamp-mallorca\/#breadcrumb\"},\"inLanguage\":\"de\",\"potentialAction\":[{\"@type\":\"ReadAction\",\"target\":[\"https:\/\/www.michael-krell.com\/de\/tricamp-mallorca\/\"]}]},{\"@type\":\"BreadcrumbList\",\"@id\":\"https:\/\/www.michael-krell.com\/de\/tricamp-mallorca\/#breadcrumb\",\"itemListElement\":[{\"@type\":\"ListItem\",\"position\":1,\"name\":\"Startseite\",\"item\":\"https:\/\/www.michael-krell.com\/en\/\"},{\"@type\":\"ListItem\",\"position\":2,\"name\":\"Tricamp Mallorca\"}]},{\"@type\":\"WebSite\",\"@id\":\"https:\/\/www.michael-krell.com\/en\/#website\",\"url\":\"https:\/\/www.michael-krell.com\/en\/\",\"name\":\"Michael Krell Triathlon Coaching\",\"description\":\"\",\"potentialAction\":[{\"@type\":\"SearchAction\",\"target\":{\"@type\":\"EntryPoint\",\"urlTemplate\":\"https:\/\/www.michael-krell.com\/en\/?s={search_term_string}\"},\"query-input\":\"required name=search_term_string\"}],\"inLanguage\":\"de\"},{\"@type\":\"Person\",\"@id\":\"https:\/\/www.michael-krell.com\/en\/#\/schema\/person\/17d0c03cb1e15db7305e41b6170a4237\",\"name\":\"Michael Krell\",\"image\":{\"@type\":\"ImageObject\",\"inLanguage\":\"de\",\"@id\":\"https:\/\/www.michael-krell.com\/en\/#\/schema\/person\/image\/\",\"url\":\"https:\/\/secure.gravatar.com\/avatar\/33e39b9fbaf6777afb9b8559d921c4d22f4fd87cba8562434fa169fa71aeb1b3?s=96&d=mm&r=g\",\"contentUrl\":\"https:\/\/secure.gravatar.com\/avatar\/33e39b9fbaf6777afb9b8559d921c4d22f4fd87cba8562434fa169fa71aeb1b3?s=96&d=mm&r=g\",\"caption\":\"Michael Krell\"},\"url\":\"https:\/\/www.michael-krell.com\/de\/author\/krelli\/\"}]}<\/script>\n<!-- \/ Yoast SEO plugin. -->","yoast_head_json":{"title":"Tricamp Mallorca - Michael Krell Triathlon Coaching","robots":{"index":"index","follow":"follow","max-snippet":"max-snippet:-1","max-image-preview":"max-image-preview:large","max-video-preview":"max-video-preview:-1"},"canonical":"https:\/\/www.michael-krell.com\/de\/tricamp-mallorca\/","og_locale":"de_DE","og_type":"article","og_title":"Tricamp Mallorca - Michael Krell Triathlon Coaching","og_description":"Hallo Leute, bald ist es soweit und ich\u00a0fliege endlich ab in die Sonne!! Zumindestens hoffe ich das, vor zwei Wochen [&hellip;]","og_url":"https:\/\/www.michael-krell.com\/de\/tricamp-mallorca\/","og_site_name":"Michael Krell Triathlon Coaching","article_published_time":"2010-03-23T08:36:00+00:00","article_modified_time":"2017-04-18T16:25:10+00:00","og_image":[{"url":"http:\/\/2.bp.blogspot.com\/_0j3c4ndfFAY\/S6htZMUHjSI\/AAAAAAAAAy8\/4-R8zXwtXmI\/s400\/finca.jpg"}],"author":"Michael Krell","twitter_card":"summary_large_image","twitter_misc":{"Verfasst von":"Michael Krell","Gesch\u00e4tzte Lesezeit":"2\u00a0Minuten"},"schema":{"@context":"https:\/\/schema.org","@graph":[{"@type":"WebPage","@id":"https:\/\/www.michael-krell.com\/de\/tricamp-mallorca\/","url":"https:\/\/www.michael-krell.com\/de\/tricamp-mallorca\/","name":"Tricamp Mallorca - Michael Krell Triathlon Coaching","isPartOf":{"@id":"https:\/\/www.michael-krell.com\/en\/#website"},"datePublished":"2010-03-23T08:36:00+00:00","dateModified":"2017-04-18T16:25:10+00:00","author":{"@id":"https:\/\/www.michael-krell.com\/en\/#\/schema\/person\/17d0c03cb1e15db7305e41b6170a4237"},"breadcrumb":{"@id":"https:\/\/www.michael-krell.com\/de\/tricamp-mallorca\/#breadcrumb"},"inLanguage":"de","potentialAction":[{"@type":"ReadAction","target":["https:\/\/www.michael-krell.com\/de\/tricamp-mallorca\/"]}]},{"@type":"BreadcrumbList","@id":"https:\/\/www.michael-krell.com\/de\/tricamp-mallorca\/#breadcrumb","itemListElement":[{"@type":"ListItem","position":1,"name":"Startseite","item":"https:\/\/www.michael-krell.com\/en\/"},{"@type":"ListItem","position":2,"name":"Tricamp Mallorca"}]},{"@type":"WebSite","@id":"https:\/\/www.michael-krell.com\/en\/#website","url":"https:\/\/www.michael-krell.com\/en\/","name":"Michael Krell Triathlon Coaching","description":"","potentialAction":[{"@type":"SearchAction","target":{"@type":"EntryPoint","urlTemplate":"https:\/\/www.michael-krell.com\/en\/?s={search_term_string}"},"query-input":"required name=search_term_string"}],"inLanguage":"de"},{"@type":"Person","@id":"https:\/\/www.michael-krell.com\/en\/#\/schema\/person\/17d0c03cb1e15db7305e41b6170a4237","name":"Michael Krell","image":{"@type":"ImageObject","inLanguage":"de","@id":"https:\/\/www.michael-krell.com\/en\/#\/schema\/person\/image\/","url":"https:\/\/secure.gravatar.com\/avatar\/33e39b9fbaf6777afb9b8559d921c4d22f4fd87cba8562434fa169fa71aeb1b3?s=96&d=mm&r=g","contentUrl":"https:\/\/secure.gravatar.com\/avatar\/33e39b9fbaf6777afb9b8559d921c4d22f4fd87cba8562434fa169fa71aeb1b3?s=96&d=mm&r=g","caption":"Michael Krell"},"url":"https:\/\/www.michael-krell.com\/de\/author\/krelli\/"}]}},"_links":{"self":[{"href":"https:\/\/www.michael-krell.com\/de\/wp-json\/wp\/v2\/posts\/854","targetHints":{"allow":["GET"]}}],"collection":[{"href":"https:\/\/www.michael-krell.com\/de\/wp-json\/wp\/v2\/posts"}],"about":[{"href":"https:\/\/www.michael-krell.com\/de\/wp-json\/wp\/v2\/types\/post"}],"author":[{"embeddable":true,"href":"https:\/\/www.michael-krell.com\/de\/wp-json\/wp\/v2\/users\/2"}],"replies":[{"embeddable":true,"href":"https:\/\/www.michael-krell.com\/de\/wp-json\/wp\/v2\/comments?post=854"}],"version-history":[{"count":1,"href":"https:\/\/www.michael-krell.com\/de\/wp-json\/wp\/v2\/posts\/854\/revisions"}],"predecessor-version":[{"id":4018,"href":"https:\/\/www.michael-krell.com\/de\/wp-json\/wp\/v2\/posts\/854\/revisions\/4018"}],"wp:attachment":[{"href":"https:\/\/www.michael-krell.com\/de\/wp-json\/wp\/v2\/media?parent=854"}],"wp:term":[{"taxonomy":"category","embeddable":true,"href":"https:\/\/www.michael-krell.com\/de\/wp-json\/wp\/v2\/categories?post=854"},{"taxonomy":"post_tag","embeddable":true,"href":"https:\/\/www.michael-krell.com\/de\/wp-json\/wp\/v2\/tags?post=854"}],"curies":[{"name":"wp","href":"https:\/\/api.w.org\/{rel}","templated":true}]}}