{"id":893,"date":"2009-12-08T10:21:00","date_gmt":"2009-12-08T09:21:00","guid":{"rendered":"http:\/\/www.michael-krell.com\/?p=893"},"modified":"2017-05-16T14:53:40","modified_gmt":"2017-05-16T12:53:40","slug":"kleine-galerie","status":"publish","type":"post","link":"https:\/\/www.michael-krell.com\/de\/kleine-galerie\/","title":{"rendered":"kleine Galerie&#8230;"},"content":{"rendered":"<p>&#8230;heute mal ein paar Bilder zum Thema Windschattenfahren aka&nbsp;&#8222;<strong>Lutschen<\/strong>&#8222;.<\/p>\n<div style=\"border-bottom: medium none; border-left: medium none; border-right: medium none; border-top: medium none;\"><\/div>\n<div style=\"border-bottom: medium none; border-left: medium none; border-right: medium none; border-top: medium none; clear: both; text-align: center;\"><a href=\"http:\/\/4.bp.blogspot.com\/_0j3c4ndfFAY\/SyDwEZOEdTI\/AAAAAAAAAp0\/DrIIROGlRQE\/s1600-h\/haha.jpg\" style=\"margin-left: 1em; margin-right: 1em;\"><img decoding=\"async\" border=\"0\" ps=\"true\" src=\"http:\/\/4.bp.blogspot.com\/_0j3c4ndfFAY\/SyDwEZOEdTI\/AAAAAAAAAp0\/DrIIROGlRQE\/s400\/haha.jpg\" \/><\/a><\/div>\n<div style=\"border-bottom: medium none; border-left: medium none; border-right: medium none; border-top: medium none;\"><\/div>\n<div style=\"border-bottom: medium none; border-left: medium none; border-right: medium none; border-top: medium none;\">Es soll wohl Rennen geben, die auf der Radstrecke <strong>keinen einzigen H\u00f6henmeter<\/strong> aufweisen und <strong>fast 3000 Starter<\/strong> \u00fcber <strong>mehrere Runden<\/strong> auf die Strecke schicken. Und da wird sich noch gewundert, warum riesige Pulks entstehen!<\/div>\n<p><\/p>\n<div style=\"clear: both; text-align: center;\"><a href=\"http:\/\/1.bp.blogspot.com\/_0j3c4ndfFAY\/Sx4IpDWkbjI\/AAAAAAAAApc\/irfij2NK4aY\/s1600-h\/drafting3.jpg\" style=\"margin-left: 1em; margin-right: 1em;\"><img decoding=\"async\" border=\"0\" src=\"http:\/\/1.bp.blogspot.com\/_0j3c4ndfFAY\/Sx4IpDWkbjI\/AAAAAAAAApc\/irfij2NK4aY\/s400\/drafting3.jpg\" \/><\/a><\/div>\n<p>Die Schuld sollte nicht immer ausschlie\u00dflich auf die Teilnehmer abgew\u00e4lzt werden. Obwohl diese nat\u00fcrlich auch daf\u00fcr <strong>mitverantwortlich<\/strong> sind.<\/p>\n<div style=\"clear: both; text-align: center;\"><a href=\"http:\/\/1.bp.blogspot.com\/_0j3c4ndfFAY\/Sx4IyaDnNBI\/AAAAAAAAApk\/Sd7mjgVI5bc\/s1600-h\/drafting2.jpg\" style=\"margin-left: 1em; margin-right: 1em;\"><img decoding=\"async\" border=\"0\" src=\"http:\/\/1.bp.blogspot.com\/_0j3c4ndfFAY\/Sx4IyaDnNBI\/AAAAAAAAApk\/Sd7mjgVI5bc\/s400\/drafting2.jpg\" \/><\/a><\/div>\n<p>Zus\u00e4tzlich kommt hinzu dass die <strong>Schiedsrichter<\/strong> meiner Meinung nach viel zu lasch pfeifen, zuviel Respekt vor den&nbsp;Teilnehmern\/Profis besitzen&nbsp;und teilweise auch \u00fcberhaupt keine Ahnung haben, wie sie ein <strong>Pulk &#8222;sprengen&#8220;<\/strong> k\u00f6nnen. <\/p>\n<p>z.B. so: Gruppe komplett anhalten, belehren, den letzten zuerst fahren lassen, dann 5-10sek warten, den n\u00e4chsten fahren lassen, usw. Allein diese Zeitverz\u00f6gerung wird die meisten schon an den Rand der Verzweiflung kommen lassen und daran werden Sie sich das restliche Rennen erinnern. Wichtig ist, dass der Schiedsrichter&nbsp;zeigt das er im Zweifelsfall sofort durchgreift! Wie oft habe ich es schon erlebt dass ein Motorrad die ganze Zeit neben der Gruppe herfuhr, aber absolut nix unternommen hat. Triathleten im Rennen sind wie Kinder, sobald sie merken dass sie einem auf der Nase herumtanzen k\u00f6nnen, tun es die meisten auch!<\/p>\n<div style=\"clear: both; text-align: center;\"><a href=\"http:\/\/1.bp.blogspot.com\/_0j3c4ndfFAY\/Sx4KB-pN4oI\/AAAAAAAAAps\/rSXga_Wdn1M\/s1600-h\/drafting1.jpg\" style=\"margin-left: 1em; margin-right: 1em;\"><img decoding=\"async\" border=\"0\" src=\"http:\/\/1.bp.blogspot.com\/_0j3c4ndfFAY\/Sx4KB-pN4oI\/AAAAAAAAAps\/rSXga_Wdn1M\/s400\/drafting1.jpg\" \/><\/a><\/div>\n<div style=\"text-align: center;\">Fotos: <a href=\"http:\/\/www.saynotodrafting.org\/\">http:\/\/www.saynotodrafting.org\/<\/a><\/div>\n<div style=\"text-align: left;\"><\/div>\n<div style=\"text-align: left;\">Was mich aber immer wieder \u00e4rgert, ist die einhellige Meinung der Amerikaner dass in Europa die Einhaltung der Regeln keine Rolle spielen und&nbsp;hier jeder lutscht.&nbsp;Die beiden unteren&nbsp;Bilder hier sind vom Rennen in Florida \ud83d\ude09<br \/>(und dort herrscht die 7m-Abstandsregel! &#8211; bei uns sind es 10m)<\/div>\n<div style=\"text-align: left;\">Allein aufgrund dieser Beobachtungen ergeben sich schon <strong>einige Verbesserungsstrategien:<\/strong><br \/>(weil komplett l\u00f6sen wird man dieses Problem wohl nie)<\/p>\n<p>-strengeres Durchgreifen der Schiedsrichter, auch bei den Profis (Vorbildfunktion)!<br \/>-evtl. mehr Schiedsrichter bei Gro\u00dfveranstaltungen<br \/>-h\u00e4rtere Radkurse<br \/>-Wellenstarts mit gen\u00fcgend Abstand!<br \/>-evtl. l\u00e4ngere Strafzeiten?<br \/>Fallen euch da&nbsp;noch mehr ein??<\/p>\n<p><strong>Was kann man selber dagegen tun?<\/strong><br \/>-sich nat\u00fcrlich an die Regeln halten! <br \/>(Auch wenn alle 10m Abstand halten, habt ihr als dritter oder vierter dieser Gruppe eine Kraftersparnis von ca.&nbsp;10% und das v\u00f6llig regelkonform, also kein Grund ein belgisches Kreisel aufzuziehen)<br \/>-Rennen boykottieren&nbsp;die f\u00fcr eine solche Problematik bekannt sind<br \/>-wenn das alles nichts hilft, dann&nbsp;schubst sie einfach&nbsp;in den Stra\u00dfengraben&#8230;haha<\/p>\n<\/div>\n<div style=\"text-align: left;\">also bleibt sauber!<\/div>\n<div style=\"text-align: left;\">krelli<\/div>\n","protected":false},"excerpt":{"rendered":"<p>&#8230;heute mal ein paar Bilder zum Thema Windschattenfahren aka&nbsp;&#8222;Lutschen&#8222;. Es soll wohl Rennen geben, die auf der Radstrecke keinen einzigen [&hellip;]<\/p>\n","protected":false},"author":2,"featured_media":0,"comment_status":"open","ping_status":"open","sticky":false,"template":"","format":"standard","meta":{"footnotes":""},"categories":[1220],"tags":[],"class_list":["post-893","post","type-post","status-publish","format-standard","hentry","category-privates"],"yoast_head":"<!-- This site is optimized with the Yoast SEO plugin v19.8 - https:\/\/yoast.com\/wordpress\/plugins\/seo\/ -->\n<title>kleine Galerie... - Michael Krell Triathlon Coaching<\/title>\n<meta name=\"robots\" content=\"index, follow, max-snippet:-1, max-image-preview:large, max-video-preview:-1\" \/>\n<link rel=\"canonical\" href=\"https:\/\/www.michael-krell.com\/de\/kleine-galerie\/\" \/>\n<meta property=\"og:locale\" content=\"de_DE\" \/>\n<meta property=\"og:type\" content=\"article\" \/>\n<meta property=\"og:title\" content=\"kleine Galerie... - Michael Krell Triathlon Coaching\" \/>\n<meta property=\"og:description\" content=\"&#8230;heute mal ein paar Bilder zum Thema Windschattenfahren aka&nbsp;&#8222;Lutschen&#8222;. Es soll wohl Rennen geben, die auf der Radstrecke keinen einzigen [&hellip;]\" \/>\n<meta property=\"og:url\" content=\"https:\/\/www.michael-krell.com\/de\/kleine-galerie\/\" \/>\n<meta property=\"og:site_name\" content=\"Michael Krell Triathlon Coaching\" \/>\n<meta property=\"article:published_time\" content=\"2009-12-08T09:21:00+00:00\" \/>\n<meta property=\"article:modified_time\" content=\"2017-05-16T12:53:40+00:00\" \/>\n<meta property=\"og:image\" content=\"http:\/\/4.bp.blogspot.com\/_0j3c4ndfFAY\/SyDwEZOEdTI\/AAAAAAAAAp0\/DrIIROGlRQE\/s400\/haha.jpg\" \/>\n<meta name=\"author\" content=\"Michael Krell\" \/>\n<meta name=\"twitter:card\" content=\"summary_large_image\" \/>\n<meta name=\"twitter:label1\" content=\"Verfasst von\" \/>\n\t<meta name=\"twitter:data1\" content=\"Michael Krell\" \/>\n\t<meta name=\"twitter:label2\" content=\"Gesch\u00e4tzte Lesezeit\" \/>\n\t<meta name=\"twitter:data2\" content=\"2\u00a0Minuten\" \/>\n<script type=\"application\/ld+json\" class=\"yoast-schema-graph\">{\"@context\":\"https:\/\/schema.org\",\"@graph\":[{\"@type\":\"WebPage\",\"@id\":\"https:\/\/www.michael-krell.com\/en\/kleine-galerie\/\",\"url\":\"https:\/\/www.michael-krell.com\/en\/kleine-galerie\/\",\"name\":\"kleine Galerie... - Michael Krell Triathlon Coaching\",\"isPartOf\":{\"@id\":\"https:\/\/www.michael-krell.com\/en\/#website\"},\"datePublished\":\"2009-12-08T09:21:00+00:00\",\"dateModified\":\"2017-05-16T12:53:40+00:00\",\"author\":{\"@id\":\"https:\/\/www.michael-krell.com\/en\/#\/schema\/person\/17d0c03cb1e15db7305e41b6170a4237\"},\"breadcrumb\":{\"@id\":\"https:\/\/www.michael-krell.com\/en\/kleine-galerie\/#breadcrumb\"},\"inLanguage\":\"de\",\"potentialAction\":[{\"@type\":\"ReadAction\",\"target\":[\"https:\/\/www.michael-krell.com\/en\/kleine-galerie\/\"]}]},{\"@type\":\"BreadcrumbList\",\"@id\":\"https:\/\/www.michael-krell.com\/en\/kleine-galerie\/#breadcrumb\",\"itemListElement\":[{\"@type\":\"ListItem\",\"position\":1,\"name\":\"Startseite\",\"item\":\"https:\/\/www.michael-krell.com\/en\/\"},{\"@type\":\"ListItem\",\"position\":2,\"name\":\"kleine Galerie&#8230;\"}]},{\"@type\":\"WebSite\",\"@id\":\"https:\/\/www.michael-krell.com\/en\/#website\",\"url\":\"https:\/\/www.michael-krell.com\/en\/\",\"name\":\"Michael Krell Triathlon Coaching\",\"description\":\"\",\"potentialAction\":[{\"@type\":\"SearchAction\",\"target\":{\"@type\":\"EntryPoint\",\"urlTemplate\":\"https:\/\/www.michael-krell.com\/en\/?s={search_term_string}\"},\"query-input\":\"required name=search_term_string\"}],\"inLanguage\":\"de\"},{\"@type\":\"Person\",\"@id\":\"https:\/\/www.michael-krell.com\/en\/#\/schema\/person\/17d0c03cb1e15db7305e41b6170a4237\",\"name\":\"Michael Krell\",\"image\":{\"@type\":\"ImageObject\",\"inLanguage\":\"de\",\"@id\":\"https:\/\/www.michael-krell.com\/en\/#\/schema\/person\/image\/\",\"url\":\"https:\/\/secure.gravatar.com\/avatar\/33e39b9fbaf6777afb9b8559d921c4d22f4fd87cba8562434fa169fa71aeb1b3?s=96&d=mm&r=g\",\"contentUrl\":\"https:\/\/secure.gravatar.com\/avatar\/33e39b9fbaf6777afb9b8559d921c4d22f4fd87cba8562434fa169fa71aeb1b3?s=96&d=mm&r=g\",\"caption\":\"Michael Krell\"},\"url\":\"https:\/\/www.michael-krell.com\/de\/author\/krelli\/\"}]}<\/script>\n<!-- \/ Yoast SEO plugin. -->","yoast_head_json":{"title":"kleine Galerie... - Michael Krell Triathlon Coaching","robots":{"index":"index","follow":"follow","max-snippet":"max-snippet:-1","max-image-preview":"max-image-preview:large","max-video-preview":"max-video-preview:-1"},"canonical":"https:\/\/www.michael-krell.com\/de\/kleine-galerie\/","og_locale":"de_DE","og_type":"article","og_title":"kleine Galerie... - Michael Krell Triathlon Coaching","og_description":"&#8230;heute mal ein paar Bilder zum Thema Windschattenfahren aka&nbsp;&#8222;Lutschen&#8222;. Es soll wohl Rennen geben, die auf der Radstrecke keinen einzigen [&hellip;]","og_url":"https:\/\/www.michael-krell.com\/de\/kleine-galerie\/","og_site_name":"Michael Krell Triathlon Coaching","article_published_time":"2009-12-08T09:21:00+00:00","article_modified_time":"2017-05-16T12:53:40+00:00","og_image":[{"url":"http:\/\/4.bp.blogspot.com\/_0j3c4ndfFAY\/SyDwEZOEdTI\/AAAAAAAAAp0\/DrIIROGlRQE\/s400\/haha.jpg"}],"author":"Michael Krell","twitter_card":"summary_large_image","twitter_misc":{"Verfasst von":"Michael Krell","Gesch\u00e4tzte Lesezeit":"2\u00a0Minuten"},"schema":{"@context":"https:\/\/schema.org","@graph":[{"@type":"WebPage","@id":"https:\/\/www.michael-krell.com\/en\/kleine-galerie\/","url":"https:\/\/www.michael-krell.com\/en\/kleine-galerie\/","name":"kleine Galerie... - Michael Krell Triathlon Coaching","isPartOf":{"@id":"https:\/\/www.michael-krell.com\/en\/#website"},"datePublished":"2009-12-08T09:21:00+00:00","dateModified":"2017-05-16T12:53:40+00:00","author":{"@id":"https:\/\/www.michael-krell.com\/en\/#\/schema\/person\/17d0c03cb1e15db7305e41b6170a4237"},"breadcrumb":{"@id":"https:\/\/www.michael-krell.com\/en\/kleine-galerie\/#breadcrumb"},"inLanguage":"de","potentialAction":[{"@type":"ReadAction","target":["https:\/\/www.michael-krell.com\/en\/kleine-galerie\/"]}]},{"@type":"BreadcrumbList","@id":"https:\/\/www.michael-krell.com\/en\/kleine-galerie\/#breadcrumb","itemListElement":[{"@type":"ListItem","position":1,"name":"Startseite","item":"https:\/\/www.michael-krell.com\/en\/"},{"@type":"ListItem","position":2,"name":"kleine Galerie&#8230;"}]},{"@type":"WebSite","@id":"https:\/\/www.michael-krell.com\/en\/#website","url":"https:\/\/www.michael-krell.com\/en\/","name":"Michael Krell Triathlon Coaching","description":"","potentialAction":[{"@type":"SearchAction","target":{"@type":"EntryPoint","urlTemplate":"https:\/\/www.michael-krell.com\/en\/?s={search_term_string}"},"query-input":"required name=search_term_string"}],"inLanguage":"de"},{"@type":"Person","@id":"https:\/\/www.michael-krell.com\/en\/#\/schema\/person\/17d0c03cb1e15db7305e41b6170a4237","name":"Michael Krell","image":{"@type":"ImageObject","inLanguage":"de","@id":"https:\/\/www.michael-krell.com\/en\/#\/schema\/person\/image\/","url":"https:\/\/secure.gravatar.com\/avatar\/33e39b9fbaf6777afb9b8559d921c4d22f4fd87cba8562434fa169fa71aeb1b3?s=96&d=mm&r=g","contentUrl":"https:\/\/secure.gravatar.com\/avatar\/33e39b9fbaf6777afb9b8559d921c4d22f4fd87cba8562434fa169fa71aeb1b3?s=96&d=mm&r=g","caption":"Michael Krell"},"url":"https:\/\/www.michael-krell.com\/de\/author\/krelli\/"}]}},"_links":{"self":[{"href":"https:\/\/www.michael-krell.com\/de\/wp-json\/wp\/v2\/posts\/893","targetHints":{"allow":["GET"]}}],"collection":[{"href":"https:\/\/www.michael-krell.com\/de\/wp-json\/wp\/v2\/posts"}],"about":[{"href":"https:\/\/www.michael-krell.com\/de\/wp-json\/wp\/v2\/types\/post"}],"author":[{"embeddable":true,"href":"https:\/\/www.michael-krell.com\/de\/wp-json\/wp\/v2\/users\/2"}],"replies":[{"embeddable":true,"href":"https:\/\/www.michael-krell.com\/de\/wp-json\/wp\/v2\/comments?post=893"}],"version-history":[{"count":1,"href":"https:\/\/www.michael-krell.com\/de\/wp-json\/wp\/v2\/posts\/893\/revisions"}],"predecessor-version":[{"id":4250,"href":"https:\/\/www.michael-krell.com\/de\/wp-json\/wp\/v2\/posts\/893\/revisions\/4250"}],"wp:attachment":[{"href":"https:\/\/www.michael-krell.com\/de\/wp-json\/wp\/v2\/media?parent=893"}],"wp:term":[{"taxonomy":"category","embeddable":true,"href":"https:\/\/www.michael-krell.com\/de\/wp-json\/wp\/v2\/categories?post=893"},{"taxonomy":"post_tag","embeddable":true,"href":"https:\/\/www.michael-krell.com\/de\/wp-json\/wp\/v2\/tags?post=893"}],"curies":[{"name":"wp","href":"https:\/\/api.w.org\/{rel}","templated":true}]}}