{"id":894,"date":"2009-12-05T19:44:00","date_gmt":"2009-12-05T18:44:00","guid":{"rendered":"http:\/\/www.michael-krell.com\/?p=894"},"modified":"2017-05-16T14:53:48","modified_gmt":"2017-05-16T12:53:48","slug":"harter-tag-und-richtiges-10er-pacing-will-gelernt-sein","status":"publish","type":"post","link":"https:\/\/www.michael-krell.com\/de\/harter-tag-und-richtiges-10er-pacing-will-gelernt-sein\/","title":{"rendered":"harter Tag und richtiges 10er Pacing will gelernt sein :)"},"content":{"rendered":"<div style=\"clear: both; text-align: center;\"><a href=\"http:\/\/2.bp.blogspot.com\/_0j3c4ndfFAY\/SxqYQSvo9gI\/AAAAAAAAAo0\/Aid16ADU830\/s1600-h\/DSC00070%5B1%5D\" style=\"margin-left: 1em; margin-right: 1em;\"><img decoding=\"async\" border=\"0\" src=\"http:\/\/2.bp.blogspot.com\/_0j3c4ndfFAY\/SxqYQSvo9gI\/AAAAAAAAAo0\/Aid16ADU830\/s400\/DSC00070%5B1%5D\" \/><\/a><\/div>\n<p>Hallo Leute,<\/p>\n<p>Iwan und ich sind heute fr\u00fch zum <b>Nikolauslauf nach Forchheim<\/b> geradelt, es stand ein &#8222;Koppeltraining&#8220; auf dem Programm \ud83d\ude42<br \/>Ich f\u00fchlte mich eigentlich ganz gut und auch meine F\u00fc\u00dfe und H\u00e4nde waren wieder halbwegs aufgetaut als p\u00fcnktlich um 14Uhr der Startschuss fiel. Ich hatte das Gef\u00fchl als w\u00fcrde ich das halbe Startfeld kennen. Meine alten Jungs von den TriRockets Bamberg waren n\u00e4mlich auch am mit von der Partie.<br \/>Zusammen mit Andi, Daniel, Micha und Iwan konnten wir sogar eine Mannschaft stellen, wir einigten uns spontan auf das &#8222;Gl\u00fchweinteam&#8220; \ud83d\ude09 In froher Erwartung, dass jemand von der Organisation uns Selbiges nach dem Ziel anbieten w\u00fcrde&#8230;es war n\u00e4mlich arschkalt!!!<\/p>\n<p>Wie gesagt, es ging los und die \u00fcber 350 L\u00e4ufer\/Innen absolvierten erst einmal eine Stadionrunde bevor es raus in den Schlamm und Matsch ging, was f\u00fcr eine Sauerei!!! Die ersten Kilometer verflogen recht schnell und auch die Geschwindigkeit passte, als ich aber bei km 4 schon genau auf 35:00 Kurs war, wusste ich dass es sehr schwer werden w\u00fcrde die 34er Zeit zu erreichen. Ein paar Kilometer sp\u00e4ter war es dann schon kn\u00fcppelhart und ich musste einsehen dass allein ins Ziel zu kommen heute reichen musste. Ich war nicht nur von oben bis unten dreckig, sondern f\u00fchlte mich auch so \ud83d\ude41<\/p>\n<p>Ich biss demnach die Z\u00e4hne zusammen und schaute was noch ging, und mehr war heute leider nicht drin. Als Vorletzter meines Teams lief ich mit 36:22 \u00fcber die Ziellinie und war fix und fertig (D-Puls 176). Naja, immerhin das Minimalziel erreicht und meine alte Bestzeit um 8 Sekunden &#8222;verpulverisiert&#8220;&#8230;haha<\/p>\n<div style=\"clear: both; text-align: center;\"><a href=\"http:\/\/1.bp.blogspot.com\/_0j3c4ndfFAY\/SxqbPJg8F7I\/AAAAAAAAAo8\/TpmOVzrcpas\/s1600-h\/DSC00068%5B1%5D\" style=\"margin-left: 1em; margin-right: 1em;\"><img decoding=\"async\" border=\"0\" src=\"http:\/\/1.bp.blogspot.com\/_0j3c4ndfFAY\/SxqbPJg8F7I\/AAAAAAAAAo8\/TpmOVzrcpas\/s400\/DSC00068%5B1%5D\" \/><\/a><\/div>\n<p>Unser schnellster war Andi in seiner Nikolausm\u00fctze!<br \/>Alle Ergebnisse findet ihr unter Nikolauslauf <a href=\"http:\/\/www.wkm-iad.de\/wk_ergebnisse.php?wknr=69&amp;dsznr=0&amp;verein=Alle&amp;ak=Alle&amp;name=&amp;sort=6&amp;pagesize=25&amp;pageid=1\">Forchheim:http:\/\/www.wkm-iad.de\/wk_ergebnisse.php?wknr=69&amp;dsznr=0&amp;verein=Alle&amp;ak=Alle&amp;name=&amp;sort=6&amp;pagesize=25&amp;pageid=1<\/a><br \/>Gratulation auch an Moritz, der mich heute vers\u00e4gt hat \ud83d\ude09 und Iwan, der aufgrund eines ordentlichen Trainings seine 10er Bestzeit um 5min auf 45min herunterschrauben konnte und das nach 2 Monaten. Peter Greif k\u00f6nnte sich mit seinen Bestenlisten warm anziehen&#8230;haha<br \/>Und nat\u00fcrlich auch an alle anderen!!!<\/p>\n<p><b>Pacing Strategie:<\/b><br \/>Wenn ich eins heute gelernt habe, dann ist es, dass es auch beim 10er eine &#8222;gute&#8220; und eine &#8222;schlechte&#8220; Pacing-Strategie gibt. Auch wenn es nur 10km sind, solltet ihr nicht versuchen euch auf den ersten Kilometern eine Art &#8222;Zeitpuffer&#8220; herauszulaufen, dass bereut ihr dann n\u00e4mlich sp\u00e4testens ab der H\u00e4lfte des Rennens! Es kostet einfach zuviel Kraft am Anfang. Diese Strategie ist fast immer zum Scheitern verurteilt, von Triathlon-Wettk\u00e4mpfen ganz zu schweigen \ud83d\ude09<\/p>\n<p>Ich bin beispielsweise den ersten Kilometer in meinem jugendlichen Leichtsinn gleich mal mit 3:12 los, und dass obwohl ich strikt 3:30 laufen wollte&#8230;wieder mal von den anderen mitreisen lassen.<br \/>Der n\u00e4chste Kilometer war auch nicht besser und schwupps, schon ger\u00e4t der Plan in Gefahr, obwohl ich anfangs noch 18 Sekunden &#8222;Zeitpuffer&#8220; hatte! Eh ihr euchs verseht, entwickelt sich daraus genau das Gegenteil und pl\u00f6tzlich lauft ihr eurer Planzeit hinterher&#8230; <br \/>Also, auch beim 10er brav &#8222;pacen&#8220;!!<\/p>\n<p><b>Karaoke Abend:<\/b><br \/>Als Belohnung (Strafe??) durfte ich dann mit Steffen abends zum Karaoke Abend!! Unsere armen Freundinnen waren auch dabei. Als wir uns dann nach ein paar Stunden schon ordentlich Mut angetrunken hatten und Steffen sich endlich entschloss &#8222;Biene Maja&#8220; von Karel Gott zu singen, war aber die Warteliste aber schon so lang, dass wir noch ein paar Stunden h\u00e4tten warten m\u00fcssen. Und da ich wei\u00df was mich nach so einem Auftritt erwartet, n\u00e4mlich dass Steffen monatelang das Lied vor sich hintr\u00e4llert, in der j\u00fcngsten Vergangenheit war es &#8222;I will nuuur zr\u00fcck zu dir&#8220; (stellt es euch in bayrisch vor;), verlie\u00dfen wir lieber den Ort des Geschehens \ud83d\ude42<b>&nbsp;<\/b> <\/p>\n<p>N\u00e4chstes Mal greife ich dann wieder an \ud83d\ude42<br \/>sch\u00f6nes Wochenende!<br \/>krelli<\/p>\n","protected":false},"excerpt":{"rendered":"<p>Hallo Leute, Iwan und ich sind heute fr\u00fch zum Nikolauslauf nach Forchheim geradelt, es stand ein &#8222;Koppeltraining&#8220; auf dem Programm [&hellip;]<\/p>\n","protected":false},"author":2,"featured_media":0,"comment_status":"open","ping_status":"open","sticky":false,"template":"","format":"standard","meta":{"footnotes":""},"categories":[1219,1220],"tags":[],"class_list":["post-894","post","type-post","status-publish","format-standard","hentry","category-coaching","category-privates"],"yoast_head":"<!-- This site is optimized with the Yoast SEO plugin v19.8 - https:\/\/yoast.com\/wordpress\/plugins\/seo\/ -->\n<title>harter Tag und richtiges 10er Pacing will gelernt sein :) - Michael Krell Triathlon Coaching<\/title>\n<meta name=\"robots\" content=\"index, follow, max-snippet:-1, max-image-preview:large, max-video-preview:-1\" \/>\n<link rel=\"canonical\" href=\"https:\/\/www.michael-krell.com\/de\/harter-tag-und-richtiges-10er-pacing-will-gelernt-sein\/\" \/>\n<meta property=\"og:locale\" content=\"de_DE\" \/>\n<meta property=\"og:type\" content=\"article\" \/>\n<meta property=\"og:title\" content=\"harter Tag und richtiges 10er Pacing will gelernt sein :) - Michael Krell Triathlon Coaching\" \/>\n<meta property=\"og:description\" content=\"Hallo Leute, Iwan und ich sind heute fr\u00fch zum Nikolauslauf nach Forchheim geradelt, es stand ein &#8222;Koppeltraining&#8220; auf dem Programm [&hellip;]\" \/>\n<meta property=\"og:url\" content=\"https:\/\/www.michael-krell.com\/de\/harter-tag-und-richtiges-10er-pacing-will-gelernt-sein\/\" \/>\n<meta property=\"og:site_name\" content=\"Michael Krell Triathlon Coaching\" \/>\n<meta property=\"article:published_time\" content=\"2009-12-05T18:44:00+00:00\" \/>\n<meta property=\"article:modified_time\" content=\"2017-05-16T12:53:48+00:00\" \/>\n<meta property=\"og:image\" content=\"http:\/\/2.bp.blogspot.com\/_0j3c4ndfFAY\/SxqYQSvo9gI\/AAAAAAAAAo0\/Aid16ADU830\/s400\/DSC00070%5B1%5D\" \/>\n<meta name=\"author\" content=\"Michael Krell\" \/>\n<meta name=\"twitter:card\" content=\"summary_large_image\" \/>\n<meta name=\"twitter:label1\" content=\"Verfasst von\" \/>\n\t<meta name=\"twitter:data1\" content=\"Michael Krell\" \/>\n\t<meta name=\"twitter:label2\" content=\"Gesch\u00e4tzte Lesezeit\" \/>\n\t<meta name=\"twitter:data2\" content=\"3\u00a0Minuten\" \/>\n<script type=\"application\/ld+json\" class=\"yoast-schema-graph\">{\"@context\":\"https:\/\/schema.org\",\"@graph\":[{\"@type\":\"WebPage\",\"@id\":\"https:\/\/www.michael-krell.com\/en\/harter-tag-und-richtiges-10er-pacing-will-gelernt-sein\/\",\"url\":\"https:\/\/www.michael-krell.com\/en\/harter-tag-und-richtiges-10er-pacing-will-gelernt-sein\/\",\"name\":\"harter Tag und richtiges 10er Pacing will gelernt sein :) - Michael Krell Triathlon Coaching\",\"isPartOf\":{\"@id\":\"https:\/\/www.michael-krell.com\/en\/#website\"},\"datePublished\":\"2009-12-05T18:44:00+00:00\",\"dateModified\":\"2017-05-16T12:53:48+00:00\",\"author\":{\"@id\":\"https:\/\/www.michael-krell.com\/en\/#\/schema\/person\/17d0c03cb1e15db7305e41b6170a4237\"},\"breadcrumb\":{\"@id\":\"https:\/\/www.michael-krell.com\/en\/harter-tag-und-richtiges-10er-pacing-will-gelernt-sein\/#breadcrumb\"},\"inLanguage\":\"de\",\"potentialAction\":[{\"@type\":\"ReadAction\",\"target\":[\"https:\/\/www.michael-krell.com\/en\/harter-tag-und-richtiges-10er-pacing-will-gelernt-sein\/\"]}]},{\"@type\":\"BreadcrumbList\",\"@id\":\"https:\/\/www.michael-krell.com\/en\/harter-tag-und-richtiges-10er-pacing-will-gelernt-sein\/#breadcrumb\",\"itemListElement\":[{\"@type\":\"ListItem\",\"position\":1,\"name\":\"Startseite\",\"item\":\"https:\/\/www.michael-krell.com\/en\/\"},{\"@type\":\"ListItem\",\"position\":2,\"name\":\"harter Tag und richtiges 10er Pacing will gelernt sein :)\"}]},{\"@type\":\"WebSite\",\"@id\":\"https:\/\/www.michael-krell.com\/en\/#website\",\"url\":\"https:\/\/www.michael-krell.com\/en\/\",\"name\":\"Michael Krell Triathlon Coaching\",\"description\":\"\",\"potentialAction\":[{\"@type\":\"SearchAction\",\"target\":{\"@type\":\"EntryPoint\",\"urlTemplate\":\"https:\/\/www.michael-krell.com\/en\/?s={search_term_string}\"},\"query-input\":\"required name=search_term_string\"}],\"inLanguage\":\"de\"},{\"@type\":\"Person\",\"@id\":\"https:\/\/www.michael-krell.com\/en\/#\/schema\/person\/17d0c03cb1e15db7305e41b6170a4237\",\"name\":\"Michael Krell\",\"image\":{\"@type\":\"ImageObject\",\"inLanguage\":\"de\",\"@id\":\"https:\/\/www.michael-krell.com\/en\/#\/schema\/person\/image\/\",\"url\":\"https:\/\/secure.gravatar.com\/avatar\/33e39b9fbaf6777afb9b8559d921c4d22f4fd87cba8562434fa169fa71aeb1b3?s=96&d=mm&r=g\",\"contentUrl\":\"https:\/\/secure.gravatar.com\/avatar\/33e39b9fbaf6777afb9b8559d921c4d22f4fd87cba8562434fa169fa71aeb1b3?s=96&d=mm&r=g\",\"caption\":\"Michael Krell\"},\"url\":\"https:\/\/www.michael-krell.com\/de\/author\/krelli\/\"}]}<\/script>\n<!-- \/ Yoast SEO plugin. -->","yoast_head_json":{"title":"harter Tag und richtiges 10er Pacing will gelernt sein :) - Michael Krell Triathlon Coaching","robots":{"index":"index","follow":"follow","max-snippet":"max-snippet:-1","max-image-preview":"max-image-preview:large","max-video-preview":"max-video-preview:-1"},"canonical":"https:\/\/www.michael-krell.com\/de\/harter-tag-und-richtiges-10er-pacing-will-gelernt-sein\/","og_locale":"de_DE","og_type":"article","og_title":"harter Tag und richtiges 10er Pacing will gelernt sein :) - Michael Krell Triathlon Coaching","og_description":"Hallo Leute, Iwan und ich sind heute fr\u00fch zum Nikolauslauf nach Forchheim geradelt, es stand ein &#8222;Koppeltraining&#8220; auf dem Programm [&hellip;]","og_url":"https:\/\/www.michael-krell.com\/de\/harter-tag-und-richtiges-10er-pacing-will-gelernt-sein\/","og_site_name":"Michael Krell Triathlon Coaching","article_published_time":"2009-12-05T18:44:00+00:00","article_modified_time":"2017-05-16T12:53:48+00:00","og_image":[{"url":"http:\/\/2.bp.blogspot.com\/_0j3c4ndfFAY\/SxqYQSvo9gI\/AAAAAAAAAo0\/Aid16ADU830\/s400\/DSC00070%5B1%5D"}],"author":"Michael Krell","twitter_card":"summary_large_image","twitter_misc":{"Verfasst von":"Michael Krell","Gesch\u00e4tzte Lesezeit":"3\u00a0Minuten"},"schema":{"@context":"https:\/\/schema.org","@graph":[{"@type":"WebPage","@id":"https:\/\/www.michael-krell.com\/en\/harter-tag-und-richtiges-10er-pacing-will-gelernt-sein\/","url":"https:\/\/www.michael-krell.com\/en\/harter-tag-und-richtiges-10er-pacing-will-gelernt-sein\/","name":"harter Tag und richtiges 10er Pacing will gelernt sein :) - Michael Krell Triathlon Coaching","isPartOf":{"@id":"https:\/\/www.michael-krell.com\/en\/#website"},"datePublished":"2009-12-05T18:44:00+00:00","dateModified":"2017-05-16T12:53:48+00:00","author":{"@id":"https:\/\/www.michael-krell.com\/en\/#\/schema\/person\/17d0c03cb1e15db7305e41b6170a4237"},"breadcrumb":{"@id":"https:\/\/www.michael-krell.com\/en\/harter-tag-und-richtiges-10er-pacing-will-gelernt-sein\/#breadcrumb"},"inLanguage":"de","potentialAction":[{"@type":"ReadAction","target":["https:\/\/www.michael-krell.com\/en\/harter-tag-und-richtiges-10er-pacing-will-gelernt-sein\/"]}]},{"@type":"BreadcrumbList","@id":"https:\/\/www.michael-krell.com\/en\/harter-tag-und-richtiges-10er-pacing-will-gelernt-sein\/#breadcrumb","itemListElement":[{"@type":"ListItem","position":1,"name":"Startseite","item":"https:\/\/www.michael-krell.com\/en\/"},{"@type":"ListItem","position":2,"name":"harter Tag und richtiges 10er Pacing will gelernt sein :)"}]},{"@type":"WebSite","@id":"https:\/\/www.michael-krell.com\/en\/#website","url":"https:\/\/www.michael-krell.com\/en\/","name":"Michael Krell Triathlon Coaching","description":"","potentialAction":[{"@type":"SearchAction","target":{"@type":"EntryPoint","urlTemplate":"https:\/\/www.michael-krell.com\/en\/?s={search_term_string}"},"query-input":"required name=search_term_string"}],"inLanguage":"de"},{"@type":"Person","@id":"https:\/\/www.michael-krell.com\/en\/#\/schema\/person\/17d0c03cb1e15db7305e41b6170a4237","name":"Michael Krell","image":{"@type":"ImageObject","inLanguage":"de","@id":"https:\/\/www.michael-krell.com\/en\/#\/schema\/person\/image\/","url":"https:\/\/secure.gravatar.com\/avatar\/33e39b9fbaf6777afb9b8559d921c4d22f4fd87cba8562434fa169fa71aeb1b3?s=96&d=mm&r=g","contentUrl":"https:\/\/secure.gravatar.com\/avatar\/33e39b9fbaf6777afb9b8559d921c4d22f4fd87cba8562434fa169fa71aeb1b3?s=96&d=mm&r=g","caption":"Michael Krell"},"url":"https:\/\/www.michael-krell.com\/de\/author\/krelli\/"}]}},"_links":{"self":[{"href":"https:\/\/www.michael-krell.com\/de\/wp-json\/wp\/v2\/posts\/894","targetHints":{"allow":["GET"]}}],"collection":[{"href":"https:\/\/www.michael-krell.com\/de\/wp-json\/wp\/v2\/posts"}],"about":[{"href":"https:\/\/www.michael-krell.com\/de\/wp-json\/wp\/v2\/types\/post"}],"author":[{"embeddable":true,"href":"https:\/\/www.michael-krell.com\/de\/wp-json\/wp\/v2\/users\/2"}],"replies":[{"embeddable":true,"href":"https:\/\/www.michael-krell.com\/de\/wp-json\/wp\/v2\/comments?post=894"}],"version-history":[{"count":1,"href":"https:\/\/www.michael-krell.com\/de\/wp-json\/wp\/v2\/posts\/894\/revisions"}],"predecessor-version":[{"id":4251,"href":"https:\/\/www.michael-krell.com\/de\/wp-json\/wp\/v2\/posts\/894\/revisions\/4251"}],"wp:attachment":[{"href":"https:\/\/www.michael-krell.com\/de\/wp-json\/wp\/v2\/media?parent=894"}],"wp:term":[{"taxonomy":"category","embeddable":true,"href":"https:\/\/www.michael-krell.com\/de\/wp-json\/wp\/v2\/categories?post=894"},{"taxonomy":"post_tag","embeddable":true,"href":"https:\/\/www.michael-krell.com\/de\/wp-json\/wp\/v2\/tags?post=894"}],"curies":[{"name":"wp","href":"https:\/\/api.w.org\/{rel}","templated":true}]}}