{"id":896,"date":"2009-11-29T16:21:00","date_gmt":"2009-11-29T15:21:00","guid":{"rendered":"http:\/\/www.michael-krell.com\/?p=896"},"modified":"2017-04-18T18:40:27","modified_gmt":"2017-04-18T16:40:27","slug":"das-material-hat-seine-grenzen-wir-nicht","status":"publish","type":"post","link":"https:\/\/www.michael-krell.com\/de\/das-material-hat-seine-grenzen-wir-nicht\/","title":{"rendered":"das Material hat seine Grenzen, wir nicht :)"},"content":{"rendered":"<div style=\"clear: both; text-align: center;\"><a style=\"margin-left: 1em; margin-right: 1em;\" href=\"http:\/\/1.bp.blogspot.com\/_0j3c4ndfFAY\/SxJ8zkzmRPI\/AAAAAAAAAoE\/R32D0PYP0eg\/s1600\/DSC00058.JPG\"><img decoding=\"async\" src=\"http:\/\/1.bp.blogspot.com\/_0j3c4ndfFAY\/SxJ8zkzmRPI\/AAAAAAAAAoE\/R32D0PYP0eg\/s400\/DSC00058.JPG\" border=\"0\" \/><\/a><\/div>\n<p>Ein wirklich geiler Wettkampf nahm heute f\u00fcr uns leider ein ungl\u00fcckliches Ende, meine niegelnagelneue Kette (noch keine 100km gefahren) riss anfangs der zweiten Runde&#8230;<\/p>\n<p>Aber der Reihe nach:<br \/>\nNachdem mir bis gestern abend wiederum potentielle\u00a0Partner abgesagt hatten und ich heute aber noch\u00a0jemanden f\u00fcr den Bike+Run brauchte, bef\u00fcrchtete ich schon die kompletten 17km allein laufen zu m\u00fcssen, w\u00e4hrend alle anderen Teams sich\u00a0beim Radfahren und Laufen abwechseln w\u00fcrden. So weit kam es dann aber doch nicht, Daniel aus Bamberg entschloss sich noch kurzfristig mir auszuhelfen.<br \/>\nWie schon vor ein paar Wochen mal beschrieben ging es eine &#8222;sehr wellige&#8220; Waldstrecke im Zweierteam entlang, einer f\u00e4hrt das Mountainbike und der andere l\u00e4uft. Nach Gutd\u00fcnken wird abgewechselt und\u00a0wie sich anhand der anderen Teams\u00a0schnell nach dem Start herausstellte, war es ideal schon alle 20-30 Sekunden zu wechseln.<\/p>\n<p>Im Endeffekt ging es runter vom Rad (im Fahren!), \u00dcbergabe an den Teamkollegen und dann ab zu Fu\u00df und zwar Vollgas! Sobald man langsamer wurde, wieder wechseln, usw&#8230; Schon von Anfang an waren wir am Anschlag. Ein besseres &#8222;Koppel-Interval-Training&#8220; gibt es nicht!! \ud83d\ude09<\/p>\n<p>F\u00fcr uns lief es gar nicht schlecht, nachdem wir die erste Runde noch etwas verhalten angegangen sind, konnten wir uns schon zu Ende der ersten Runde vorbei an Michi Hofmann und seinem\u00a0Partner auf Platz 5 schieben. Und dass obwohl ich schon 10 Minuten nach dem Start dachte, dass\u00a0mein Partner Daniel gleich einen Herzinfarkt bekommen w\u00fcrde \ud83d\ude42 Aber er lief sich dann immer besser ein und nach ein paar Versuchen flutschte auch der Wechsel zwischen uns beiden perfekt.<\/p>\n<div style=\"clear: both; text-align: center;\"><a style=\"margin-left: 1em; margin-right: 1em;\" href=\"http:\/\/4.bp.blogspot.com\/_0j3c4ndfFAY\/SxKBK_mQSkI\/AAAAAAAAAoM\/6hlUW1mhXN0\/s1600\/DSC00039.JPG\"><img decoding=\"async\" src=\"http:\/\/4.bp.blogspot.com\/_0j3c4ndfFAY\/SxKBK_mQSkI\/AAAAAAAAAoM\/6hlUW1mhXN0\/s320\/DSC00039.JPG\" border=\"0\" \/><\/a>Andi &amp; Frank<\/div>\n<p>An 5. Stelle liegend kamen uns kurz vorm Wendepunkt schon die ersten Teams entgegen, u.a. auch Frank und Andi, und Bennie und Joachim, und sie waren nur 300m weg! Da ging noch was!!<br \/>\nNach km 9 riss dann\u00a0aber\u00a0leider die Kette vom Mountainbike und wir standen am Streckenrand wie die \u00d6lg\u00f6tzen und sahen ein Team nach dem anderen wieder vorbeiziehen.<br \/>\nAufgeben war keine Option, also entschlossen wir\u00a0uns\u00a0das Rad\u00a0neben uns her\u00a0zu schieben. Die abgerissene\u00a0Kette schulterte ich mir auf den R\u00fccken (sie war neu und hatte 30\u20ac gekostet&#8230;haha) und los gings wieder.<\/p>\n<div style=\"clear: both; text-align: center;\"><a style=\"margin-left: 1em; margin-right: 1em;\" href=\"http:\/\/1.bp.blogspot.com\/_0j3c4ndfFAY\/SxKBY5TN8iI\/AAAAAAAAAoU\/7MKKAiv5Ld0\/s1600\/DSC00051.JPG\"><img decoding=\"async\" src=\"http:\/\/1.bp.blogspot.com\/_0j3c4ndfFAY\/SxKBY5TN8iI\/AAAAAAAAAoU\/7MKKAiv5Ld0\/s320\/DSC00051.JPG\" border=\"0\" \/><\/a>Wir beide beim Wendepunkt<\/div>\n<p>Auf den letzten 8km verloren wir so doch noch etliche Minuten, konnten uns aber zumindestens noch im Mittelfeld behaupten und\u00a0rollten zu dritt (Daniel, das Rad und ich) nach 1:06 \u00fcber die Ziellinie.\u00a0Gl\u00fcckwunsch auch noch an Stephan und Micha, die uns auf der zweiten Runde noch \u00fcberholten \ud83d\ude09<br \/>\nEin riesengro\u00dfer Spa\u00df!!!<\/p>\n<p>Nachdem auch die &#8222;Sieger der Herzen&#8220; geehrt wurden (Daniel, das Rad und ich ;), fuhr ich reich beschenkt mit zwei Paar Funktionssocken nach Hause!<br \/>\n&#8230;ok, eigentlich haben alle Teams Preise bekommen \ud83d\ude42<\/p>\n<p>Organisiert wurde das Ganze von <a href=\"http:\/\/www.fun-race.org\/\">http:\/\/www.fun-race.org\/<\/a>, d.h. Joachim Weinbrenner, Michi Hofmann und Bennie Lindberg. Dort findet ihr auch die Ergebnislisten, weitere Fotos und ein Video vom Rennen.<br \/>\nGewonnen hat \u00fcbrigens das Team von Dorian Wagner bei den M\u00e4nnern, kurz vorm Team des dt. Duathlonmeisters Florian Holzinger. Und das Erstaunliche bei den Damen war, das die beiden Siegerinnen insgesamt 11!! Kinder hatten. Woaw&#8230;<\/p>\n<div style=\"clear: both; text-align: center;\"><a style=\"margin-left: 1em; margin-right: 1em;\" href=\"http:\/\/3.bp.blogspot.com\/_0j3c4ndfFAY\/SxKCunUoIWI\/AAAAAAAAAoc\/JNpfeLheHfA\/s1600\/DSC00043.JPG\"><img decoding=\"async\" src=\"http:\/\/3.bp.blogspot.com\/_0j3c4ndfFAY\/SxKCunUoIWI\/AAAAAAAAAoc\/JNpfeLheHfA\/s320\/DSC00043.JPG\" border=\"0\" \/><\/a>Bennie\u00a0&amp; ich<\/div>\n<p>N\u00e4chsten Samstag geht es beim Nikolauslauf in Forchheim aufs Ganze! Ich hoffe auf eine hohe 34er Zeit beim dortigen 10km Lauf, oder zumindest die Bestzeit (bisher bei 36:30 innerhalb TriaWettkampf). Ich sollte eigentlich nur noch 3kg abnehmen und dann klappt es bestimmt \ud83d\ude09<\/p>\n<p>sch\u00f6nen Sonntag noch!<br \/>\nkrelli<\/p>\n","protected":false},"excerpt":{"rendered":"<p>Ein wirklich geiler Wettkampf nahm heute f\u00fcr uns leider ein ungl\u00fcckliches Ende, meine niegelnagelneue Kette (noch keine 100km gefahren) riss [&hellip;]<\/p>\n","protected":false},"author":2,"featured_media":0,"comment_status":"open","ping_status":"open","sticky":false,"template":"","format":"standard","meta":{"footnotes":""},"categories":[1220],"tags":[],"class_list":["post-896","post","type-post","status-publish","format-standard","hentry","category-privates"],"yoast_head":"<!-- This site is optimized with the Yoast SEO plugin v19.8 - https:\/\/yoast.com\/wordpress\/plugins\/seo\/ -->\n<title>das Material hat seine Grenzen, wir nicht :) - Michael Krell Triathlon Coaching<\/title>\n<meta name=\"robots\" content=\"index, follow, max-snippet:-1, max-image-preview:large, max-video-preview:-1\" \/>\n<link rel=\"canonical\" href=\"https:\/\/www.michael-krell.com\/de\/das-material-hat-seine-grenzen-wir-nicht\/\" \/>\n<meta property=\"og:locale\" content=\"de_DE\" \/>\n<meta property=\"og:type\" content=\"article\" \/>\n<meta property=\"og:title\" content=\"das Material hat seine Grenzen, wir nicht :) - Michael Krell Triathlon Coaching\" \/>\n<meta property=\"og:description\" content=\"Ein wirklich geiler Wettkampf nahm heute f\u00fcr uns leider ein ungl\u00fcckliches Ende, meine niegelnagelneue Kette (noch keine 100km gefahren) riss [&hellip;]\" \/>\n<meta property=\"og:url\" content=\"https:\/\/www.michael-krell.com\/de\/das-material-hat-seine-grenzen-wir-nicht\/\" \/>\n<meta property=\"og:site_name\" content=\"Michael Krell Triathlon Coaching\" \/>\n<meta property=\"article:published_time\" content=\"2009-11-29T15:21:00+00:00\" \/>\n<meta property=\"article:modified_time\" content=\"2017-04-18T16:40:27+00:00\" \/>\n<meta property=\"og:image\" content=\"http:\/\/1.bp.blogspot.com\/_0j3c4ndfFAY\/SxJ8zkzmRPI\/AAAAAAAAAoE\/R32D0PYP0eg\/s400\/DSC00058.JPG\" \/>\n<meta name=\"author\" content=\"Michael Krell\" \/>\n<meta name=\"twitter:card\" content=\"summary_large_image\" \/>\n<meta name=\"twitter:label1\" content=\"Verfasst von\" \/>\n\t<meta name=\"twitter:data1\" content=\"Michael Krell\" \/>\n\t<meta name=\"twitter:label2\" content=\"Gesch\u00e4tzte Lesezeit\" \/>\n\t<meta name=\"twitter:data2\" content=\"3\u00a0Minuten\" \/>\n<script type=\"application\/ld+json\" class=\"yoast-schema-graph\">{\"@context\":\"https:\/\/schema.org\",\"@graph\":[{\"@type\":\"WebPage\",\"@id\":\"https:\/\/www.michael-krell.com\/en\/das-material-hat-seine-grenzen-wir-nicht\/\",\"url\":\"https:\/\/www.michael-krell.com\/en\/das-material-hat-seine-grenzen-wir-nicht\/\",\"name\":\"das Material hat seine Grenzen, wir nicht :) - Michael Krell Triathlon Coaching\",\"isPartOf\":{\"@id\":\"https:\/\/www.michael-krell.com\/en\/#website\"},\"datePublished\":\"2009-11-29T15:21:00+00:00\",\"dateModified\":\"2017-04-18T16:40:27+00:00\",\"author\":{\"@id\":\"https:\/\/www.michael-krell.com\/en\/#\/schema\/person\/17d0c03cb1e15db7305e41b6170a4237\"},\"breadcrumb\":{\"@id\":\"https:\/\/www.michael-krell.com\/en\/das-material-hat-seine-grenzen-wir-nicht\/#breadcrumb\"},\"inLanguage\":\"de\",\"potentialAction\":[{\"@type\":\"ReadAction\",\"target\":[\"https:\/\/www.michael-krell.com\/en\/das-material-hat-seine-grenzen-wir-nicht\/\"]}]},{\"@type\":\"BreadcrumbList\",\"@id\":\"https:\/\/www.michael-krell.com\/en\/das-material-hat-seine-grenzen-wir-nicht\/#breadcrumb\",\"itemListElement\":[{\"@type\":\"ListItem\",\"position\":1,\"name\":\"Startseite\",\"item\":\"https:\/\/www.michael-krell.com\/en\/\"},{\"@type\":\"ListItem\",\"position\":2,\"name\":\"das Material hat seine Grenzen, wir nicht :)\"}]},{\"@type\":\"WebSite\",\"@id\":\"https:\/\/www.michael-krell.com\/en\/#website\",\"url\":\"https:\/\/www.michael-krell.com\/en\/\",\"name\":\"Michael Krell Triathlon Coaching\",\"description\":\"\",\"potentialAction\":[{\"@type\":\"SearchAction\",\"target\":{\"@type\":\"EntryPoint\",\"urlTemplate\":\"https:\/\/www.michael-krell.com\/en\/?s={search_term_string}\"},\"query-input\":\"required name=search_term_string\"}],\"inLanguage\":\"de\"},{\"@type\":\"Person\",\"@id\":\"https:\/\/www.michael-krell.com\/en\/#\/schema\/person\/17d0c03cb1e15db7305e41b6170a4237\",\"name\":\"Michael Krell\",\"image\":{\"@type\":\"ImageObject\",\"inLanguage\":\"de\",\"@id\":\"https:\/\/www.michael-krell.com\/en\/#\/schema\/person\/image\/\",\"url\":\"https:\/\/secure.gravatar.com\/avatar\/33e39b9fbaf6777afb9b8559d921c4d22f4fd87cba8562434fa169fa71aeb1b3?s=96&d=mm&r=g\",\"contentUrl\":\"https:\/\/secure.gravatar.com\/avatar\/33e39b9fbaf6777afb9b8559d921c4d22f4fd87cba8562434fa169fa71aeb1b3?s=96&d=mm&r=g\",\"caption\":\"Michael Krell\"},\"url\":\"https:\/\/www.michael-krell.com\/de\/author\/krelli\/\"}]}<\/script>\n<!-- \/ Yoast SEO plugin. -->","yoast_head_json":{"title":"das Material hat seine Grenzen, wir nicht :) - Michael Krell Triathlon Coaching","robots":{"index":"index","follow":"follow","max-snippet":"max-snippet:-1","max-image-preview":"max-image-preview:large","max-video-preview":"max-video-preview:-1"},"canonical":"https:\/\/www.michael-krell.com\/de\/das-material-hat-seine-grenzen-wir-nicht\/","og_locale":"de_DE","og_type":"article","og_title":"das Material hat seine Grenzen, wir nicht :) - Michael Krell Triathlon Coaching","og_description":"Ein wirklich geiler Wettkampf nahm heute f\u00fcr uns leider ein ungl\u00fcckliches Ende, meine niegelnagelneue Kette (noch keine 100km gefahren) riss [&hellip;]","og_url":"https:\/\/www.michael-krell.com\/de\/das-material-hat-seine-grenzen-wir-nicht\/","og_site_name":"Michael Krell Triathlon Coaching","article_published_time":"2009-11-29T15:21:00+00:00","article_modified_time":"2017-04-18T16:40:27+00:00","og_image":[{"url":"http:\/\/1.bp.blogspot.com\/_0j3c4ndfFAY\/SxJ8zkzmRPI\/AAAAAAAAAoE\/R32D0PYP0eg\/s400\/DSC00058.JPG"}],"author":"Michael Krell","twitter_card":"summary_large_image","twitter_misc":{"Verfasst von":"Michael Krell","Gesch\u00e4tzte Lesezeit":"3\u00a0Minuten"},"schema":{"@context":"https:\/\/schema.org","@graph":[{"@type":"WebPage","@id":"https:\/\/www.michael-krell.com\/en\/das-material-hat-seine-grenzen-wir-nicht\/","url":"https:\/\/www.michael-krell.com\/en\/das-material-hat-seine-grenzen-wir-nicht\/","name":"das Material hat seine Grenzen, wir nicht :) - Michael Krell Triathlon Coaching","isPartOf":{"@id":"https:\/\/www.michael-krell.com\/en\/#website"},"datePublished":"2009-11-29T15:21:00+00:00","dateModified":"2017-04-18T16:40:27+00:00","author":{"@id":"https:\/\/www.michael-krell.com\/en\/#\/schema\/person\/17d0c03cb1e15db7305e41b6170a4237"},"breadcrumb":{"@id":"https:\/\/www.michael-krell.com\/en\/das-material-hat-seine-grenzen-wir-nicht\/#breadcrumb"},"inLanguage":"de","potentialAction":[{"@type":"ReadAction","target":["https:\/\/www.michael-krell.com\/en\/das-material-hat-seine-grenzen-wir-nicht\/"]}]},{"@type":"BreadcrumbList","@id":"https:\/\/www.michael-krell.com\/en\/das-material-hat-seine-grenzen-wir-nicht\/#breadcrumb","itemListElement":[{"@type":"ListItem","position":1,"name":"Startseite","item":"https:\/\/www.michael-krell.com\/en\/"},{"@type":"ListItem","position":2,"name":"das Material hat seine Grenzen, wir nicht :)"}]},{"@type":"WebSite","@id":"https:\/\/www.michael-krell.com\/en\/#website","url":"https:\/\/www.michael-krell.com\/en\/","name":"Michael Krell Triathlon Coaching","description":"","potentialAction":[{"@type":"SearchAction","target":{"@type":"EntryPoint","urlTemplate":"https:\/\/www.michael-krell.com\/en\/?s={search_term_string}"},"query-input":"required name=search_term_string"}],"inLanguage":"de"},{"@type":"Person","@id":"https:\/\/www.michael-krell.com\/en\/#\/schema\/person\/17d0c03cb1e15db7305e41b6170a4237","name":"Michael Krell","image":{"@type":"ImageObject","inLanguage":"de","@id":"https:\/\/www.michael-krell.com\/en\/#\/schema\/person\/image\/","url":"https:\/\/secure.gravatar.com\/avatar\/33e39b9fbaf6777afb9b8559d921c4d22f4fd87cba8562434fa169fa71aeb1b3?s=96&d=mm&r=g","contentUrl":"https:\/\/secure.gravatar.com\/avatar\/33e39b9fbaf6777afb9b8559d921c4d22f4fd87cba8562434fa169fa71aeb1b3?s=96&d=mm&r=g","caption":"Michael Krell"},"url":"https:\/\/www.michael-krell.com\/de\/author\/krelli\/"}]}},"_links":{"self":[{"href":"https:\/\/www.michael-krell.com\/de\/wp-json\/wp\/v2\/posts\/896","targetHints":{"allow":["GET"]}}],"collection":[{"href":"https:\/\/www.michael-krell.com\/de\/wp-json\/wp\/v2\/posts"}],"about":[{"href":"https:\/\/www.michael-krell.com\/de\/wp-json\/wp\/v2\/types\/post"}],"author":[{"embeddable":true,"href":"https:\/\/www.michael-krell.com\/de\/wp-json\/wp\/v2\/users\/2"}],"replies":[{"embeddable":true,"href":"https:\/\/www.michael-krell.com\/de\/wp-json\/wp\/v2\/comments?post=896"}],"version-history":[{"count":1,"href":"https:\/\/www.michael-krell.com\/de\/wp-json\/wp\/v2\/posts\/896\/revisions"}],"predecessor-version":[{"id":4047,"href":"https:\/\/www.michael-krell.com\/de\/wp-json\/wp\/v2\/posts\/896\/revisions\/4047"}],"wp:attachment":[{"href":"https:\/\/www.michael-krell.com\/de\/wp-json\/wp\/v2\/media?parent=896"}],"wp:term":[{"taxonomy":"category","embeddable":true,"href":"https:\/\/www.michael-krell.com\/de\/wp-json\/wp\/v2\/categories?post=896"},{"taxonomy":"post_tag","embeddable":true,"href":"https:\/\/www.michael-krell.com\/de\/wp-json\/wp\/v2\/tags?post=896"}],"curies":[{"name":"wp","href":"https:\/\/api.w.org\/{rel}","templated":true}]}}