{"id":902,"date":"2009-11-11T11:50:00","date_gmt":"2009-11-11T10:50:00","guid":{"rendered":"http:\/\/www.michael-krell.com\/?p=902"},"modified":"2017-04-18T18:43:20","modified_gmt":"2017-04-18T16:43:20","slug":"bilder-vom-lauf-am-sonntag","status":"publish","type":"post","link":"https:\/\/www.michael-krell.com\/de\/bilder-vom-lauf-am-sonntag\/","title":{"rendered":"Bilder vom Lauf am Sonntag&#8230;"},"content":{"rendered":"<p>Hier mal ein paar Schnappsch\u00fcsse, danke an &#8222;Falk-Sport&#8220;!<br \/>\ndas komplette Album kann man hier einsehen:<br \/>\nhttp:\/\/picasaweb.google.de\/SVGBild\/Bibertlauf200902?authkey=Gv1sRgCKDsjauDnOSQvgE#<\/p>\n<p>zuerst der Bambini Lauf, man beachte die Technik der Kleinen!<\/p>\n<p><a href=\"http:\/\/2.bp.blogspot.com\/_0j3c4ndfFAY\/SvqMuqE3g6I\/AAAAAAAAAiQ\/ny4CW0j9_GQ\/s1600-h\/DSC_0255.JPG\"><img decoding=\"async\" id=\"BLOGGER_PHOTO_ID_5402785436180906914\" style=\"display: block; margin: 0px auto 10px; text-align: center; cursor: hand; width: 400px; height: 268px;\" src=\"http:\/\/2.bp.blogspot.com\/_0j3c4ndfFAY\/SvqMuqE3g6I\/AAAAAAAAAiQ\/ny4CW0j9_GQ\/s400\/DSC_0255.JPG\" alt=\"\" border=\"0\" \/><\/a><\/p>\n<p>Einsam und abgek\u00e4mpft an der Spitze \ud83d\ude09<\/p>\n<p><a href=\"http:\/\/2.bp.blogspot.com\/_0j3c4ndfFAY\/SvqM3ppLIPI\/AAAAAAAAAiY\/T1WbRbAW1eE\/s1600-h\/DSC_0263.JPG\"><img decoding=\"async\" id=\"BLOGGER_PHOTO_ID_5402785590683574514\" style=\"display: block; margin: 0px auto 10px; text-align: center; cursor: hand; width: 400px; height: 268px;\" src=\"http:\/\/2.bp.blogspot.com\/_0j3c4ndfFAY\/SvqM3ppLIPI\/AAAAAAAAAiY\/T1WbRbAW1eE\/s400\/DSC_0263.JPG\" alt=\"\" border=\"0\" \/><\/a><\/p>\n<p>Wer zieht hier wen???<\/p>\n<p><a href=\"http:\/\/4.bp.blogspot.com\/_0j3c4ndfFAY\/SvqM-sThLUI\/AAAAAAAAAig\/voEhqvE6rRY\/s1600-h\/DSC_0267.JPG\"><img decoding=\"async\" id=\"BLOGGER_PHOTO_ID_5402785711657135426\" style=\"display: block; margin: 0px auto 10px; text-align: center; cursor: hand; width: 400px; height: 268px;\" src=\"http:\/\/4.bp.blogspot.com\/_0j3c4ndfFAY\/SvqM-sThLUI\/AAAAAAAAAig\/voEhqvE6rRY\/s400\/DSC_0267.JPG\" alt=\"\" border=\"0\" \/><\/a><\/p>\n<p>Der Start der &#8222;Gro\u00dfen&#8220;, schaut mal rechts mit dem wei\u00dfen GfK Hemdl \ud83d\ude09<\/p>\n<p><a href=\"http:\/\/2.bp.blogspot.com\/_0j3c4ndfFAY\/SvqNFTL0cYI\/AAAAAAAAAio\/ynch16m4Tiw\/s1600-h\/DSC_0306.JPG\"><img decoding=\"async\" id=\"BLOGGER_PHOTO_ID_5402785825173041538\" style=\"display: block; margin: 0px auto 10px; text-align: center; cursor: hand; width: 400px; height: 268px;\" src=\"http:\/\/2.bp.blogspot.com\/_0j3c4ndfFAY\/SvqNFTL0cYI\/AAAAAAAAAio\/ynch16m4Tiw\/s400\/DSC_0306.JPG\" alt=\"\" border=\"0\" \/><\/a><\/p>\n<p>Fashionm\u00e4\u00dfig war ich eindeutig der Sieger, mit dieser geilen M\u00fctze&#8230;haha<\/p>\n<p><a href=\"http:\/\/2.bp.blogspot.com\/_0j3c4ndfFAY\/SvqNMHIVURI\/AAAAAAAAAiw\/58VpZ9AwUbk\/s1600-h\/DSC_0310.JPG\"><img decoding=\"async\" id=\"BLOGGER_PHOTO_ID_5402785942196277522\" style=\"display: block; margin: 0px auto 10px; text-align: center; cursor: hand; width: 400px; height: 268px;\" src=\"http:\/\/2.bp.blogspot.com\/_0j3c4ndfFAY\/SvqNMHIVURI\/AAAAAAAAAiw\/58VpZ9AwUbk\/s400\/DSC_0310.JPG\" alt=\"\" border=\"0\" \/><\/a><\/p>\n<p>An Iwans Laufstil, Nr.32, m\u00fcssen wir noch etwas arbeiten, zu sehr nach hinten gelehnt.<\/p>\n<p><a href=\"http:\/\/1.bp.blogspot.com\/_0j3c4ndfFAY\/SvqNUFJUltI\/AAAAAAAAAi4\/J3PnnHXxDJE\/s1600-h\/DSC_0316.JPG\"><img decoding=\"async\" id=\"BLOGGER_PHOTO_ID_5402786079102506706\" style=\"display: block; margin: 0px auto 10px; text-align: center; cursor: hand; width: 400px; height: 268px;\" src=\"http:\/\/1.bp.blogspot.com\/_0j3c4ndfFAY\/SvqNUFJUltI\/AAAAAAAAAi4\/J3PnnHXxDJE\/s400\/DSC_0316.JPG\" alt=\"\" border=\"0\" \/><\/a><\/p>\n<p>Froh, das es vorbei ist&#8230;<\/p>\n<p><a href=\"http:\/\/3.bp.blogspot.com\/_0j3c4ndfFAY\/SvqNcqM4q7I\/AAAAAAAAAjA\/sKoTFw3u75M\/s1600-h\/DSC_0353.JPG\"><img decoding=\"async\" id=\"BLOGGER_PHOTO_ID_5402786226488519602\" style=\"display: block; margin: 0px auto 10px; text-align: center; cursor: hand; width: 400px; height: 268px;\" src=\"http:\/\/3.bp.blogspot.com\/_0j3c4ndfFAY\/SvqNcqM4q7I\/AAAAAAAAAjA\/sKoTFw3u75M\/s400\/DSC_0353.JPG\" alt=\"\" border=\"0\" \/><\/a><\/p>\n<p>&#8230;und Iwan erst \ud83d\ude09<\/p>\n<p><a href=\"http:\/\/4.bp.blogspot.com\/_0j3c4ndfFAY\/SvqJZ86YScI\/AAAAAAAAAiI\/mlT4PByWJ7g\/s1600-h\/DSC_0480.JPG\"><img decoding=\"async\" id=\"BLOGGER_PHOTO_ID_5402781781925054914\" style=\"display: block; margin: 0px auto 10px; width: 400px; cursor: hand; height: 268px; text-align: center;\" src=\"http:\/\/4.bp.blogspot.com\/_0j3c4ndfFAY\/SvqJZ86YScI\/AAAAAAAAAiI\/mlT4PByWJ7g\/s400\/DSC_0480.JPG\" alt=\"\" border=\"0\" \/><\/a><br \/>\nGr\u00fc\u00dfe<br \/>\nkrelli<\/p>\n","protected":false},"excerpt":{"rendered":"<p>Hier mal ein paar Schnappsch\u00fcsse, danke an &#8222;Falk-Sport&#8220;! das komplette Album kann man hier einsehen: http:\/\/picasaweb.google.de\/SVGBild\/Bibertlauf200902?authkey=Gv1sRgCKDsjauDnOSQvgE# zuerst der Bambini Lauf, [&hellip;]<\/p>\n","protected":false},"author":2,"featured_media":0,"comment_status":"open","ping_status":"open","sticky":false,"template":"","format":"standard","meta":{"footnotes":""},"categories":[1220],"tags":[],"class_list":["post-902","post","type-post","status-publish","format-standard","hentry","category-privates"],"yoast_head":"<!-- This site is optimized with the Yoast SEO plugin v19.8 - https:\/\/yoast.com\/wordpress\/plugins\/seo\/ -->\n<title>Bilder vom Lauf am Sonntag... - Michael Krell Triathlon Coaching<\/title>\n<meta name=\"robots\" content=\"index, follow, max-snippet:-1, max-image-preview:large, max-video-preview:-1\" \/>\n<link rel=\"canonical\" href=\"https:\/\/www.michael-krell.com\/de\/bilder-vom-lauf-am-sonntag\/\" \/>\n<meta property=\"og:locale\" content=\"de_DE\" \/>\n<meta property=\"og:type\" content=\"article\" \/>\n<meta property=\"og:title\" content=\"Bilder vom Lauf am Sonntag... - Michael Krell Triathlon Coaching\" \/>\n<meta property=\"og:description\" content=\"Hier mal ein paar Schnappsch\u00fcsse, danke an &#8222;Falk-Sport&#8220;! das komplette Album kann man hier einsehen: http:\/\/picasaweb.google.de\/SVGBild\/Bibertlauf200902?authkey=Gv1sRgCKDsjauDnOSQvgE# zuerst der Bambini Lauf, [&hellip;]\" \/>\n<meta property=\"og:url\" content=\"https:\/\/www.michael-krell.com\/de\/bilder-vom-lauf-am-sonntag\/\" \/>\n<meta property=\"og:site_name\" content=\"Michael Krell Triathlon Coaching\" \/>\n<meta property=\"article:published_time\" content=\"2009-11-11T10:50:00+00:00\" \/>\n<meta property=\"article:modified_time\" content=\"2017-04-18T16:43:20+00:00\" \/>\n<meta property=\"og:image\" content=\"http:\/\/2.bp.blogspot.com\/_0j3c4ndfFAY\/SvqMuqE3g6I\/AAAAAAAAAiQ\/ny4CW0j9_GQ\/s400\/DSC_0255.JPG\" \/>\n<meta name=\"author\" content=\"Michael Krell\" \/>\n<meta name=\"twitter:card\" content=\"summary_large_image\" \/>\n<meta name=\"twitter:label1\" content=\"Verfasst von\" \/>\n\t<meta name=\"twitter:data1\" content=\"Michael Krell\" \/>\n<script type=\"application\/ld+json\" class=\"yoast-schema-graph\">{\"@context\":\"https:\/\/schema.org\",\"@graph\":[{\"@type\":\"WebPage\",\"@id\":\"https:\/\/www.michael-krell.com\/en\/bilder-vom-lauf-am-sonntag\/\",\"url\":\"https:\/\/www.michael-krell.com\/en\/bilder-vom-lauf-am-sonntag\/\",\"name\":\"Bilder vom Lauf am Sonntag... - Michael Krell Triathlon Coaching\",\"isPartOf\":{\"@id\":\"https:\/\/www.michael-krell.com\/en\/#website\"},\"datePublished\":\"2009-11-11T10:50:00+00:00\",\"dateModified\":\"2017-04-18T16:43:20+00:00\",\"author\":{\"@id\":\"https:\/\/www.michael-krell.com\/en\/#\/schema\/person\/17d0c03cb1e15db7305e41b6170a4237\"},\"breadcrumb\":{\"@id\":\"https:\/\/www.michael-krell.com\/en\/bilder-vom-lauf-am-sonntag\/#breadcrumb\"},\"inLanguage\":\"de\",\"potentialAction\":[{\"@type\":\"ReadAction\",\"target\":[\"https:\/\/www.michael-krell.com\/en\/bilder-vom-lauf-am-sonntag\/\"]}]},{\"@type\":\"BreadcrumbList\",\"@id\":\"https:\/\/www.michael-krell.com\/en\/bilder-vom-lauf-am-sonntag\/#breadcrumb\",\"itemListElement\":[{\"@type\":\"ListItem\",\"position\":1,\"name\":\"Startseite\",\"item\":\"https:\/\/www.michael-krell.com\/en\/\"},{\"@type\":\"ListItem\",\"position\":2,\"name\":\"Bilder vom Lauf am Sonntag&#8230;\"}]},{\"@type\":\"WebSite\",\"@id\":\"https:\/\/www.michael-krell.com\/en\/#website\",\"url\":\"https:\/\/www.michael-krell.com\/en\/\",\"name\":\"Michael Krell Triathlon Coaching\",\"description\":\"\",\"potentialAction\":[{\"@type\":\"SearchAction\",\"target\":{\"@type\":\"EntryPoint\",\"urlTemplate\":\"https:\/\/www.michael-krell.com\/en\/?s={search_term_string}\"},\"query-input\":\"required name=search_term_string\"}],\"inLanguage\":\"de\"},{\"@type\":\"Person\",\"@id\":\"https:\/\/www.michael-krell.com\/en\/#\/schema\/person\/17d0c03cb1e15db7305e41b6170a4237\",\"name\":\"Michael Krell\",\"image\":{\"@type\":\"ImageObject\",\"inLanguage\":\"de\",\"@id\":\"https:\/\/www.michael-krell.com\/en\/#\/schema\/person\/image\/\",\"url\":\"https:\/\/secure.gravatar.com\/avatar\/33e39b9fbaf6777afb9b8559d921c4d22f4fd87cba8562434fa169fa71aeb1b3?s=96&d=mm&r=g\",\"contentUrl\":\"https:\/\/secure.gravatar.com\/avatar\/33e39b9fbaf6777afb9b8559d921c4d22f4fd87cba8562434fa169fa71aeb1b3?s=96&d=mm&r=g\",\"caption\":\"Michael Krell\"},\"url\":\"https:\/\/www.michael-krell.com\/de\/author\/krelli\/\"}]}<\/script>\n<!-- \/ Yoast SEO plugin. -->","yoast_head_json":{"title":"Bilder vom Lauf am Sonntag... - Michael Krell Triathlon Coaching","robots":{"index":"index","follow":"follow","max-snippet":"max-snippet:-1","max-image-preview":"max-image-preview:large","max-video-preview":"max-video-preview:-1"},"canonical":"https:\/\/www.michael-krell.com\/de\/bilder-vom-lauf-am-sonntag\/","og_locale":"de_DE","og_type":"article","og_title":"Bilder vom Lauf am Sonntag... - Michael Krell Triathlon Coaching","og_description":"Hier mal ein paar Schnappsch\u00fcsse, danke an &#8222;Falk-Sport&#8220;! das komplette Album kann man hier einsehen: http:\/\/picasaweb.google.de\/SVGBild\/Bibertlauf200902?authkey=Gv1sRgCKDsjauDnOSQvgE# zuerst der Bambini Lauf, [&hellip;]","og_url":"https:\/\/www.michael-krell.com\/de\/bilder-vom-lauf-am-sonntag\/","og_site_name":"Michael Krell Triathlon Coaching","article_published_time":"2009-11-11T10:50:00+00:00","article_modified_time":"2017-04-18T16:43:20+00:00","og_image":[{"url":"http:\/\/2.bp.blogspot.com\/_0j3c4ndfFAY\/SvqMuqE3g6I\/AAAAAAAAAiQ\/ny4CW0j9_GQ\/s400\/DSC_0255.JPG"}],"author":"Michael Krell","twitter_card":"summary_large_image","twitter_misc":{"Verfasst von":"Michael Krell"},"schema":{"@context":"https:\/\/schema.org","@graph":[{"@type":"WebPage","@id":"https:\/\/www.michael-krell.com\/en\/bilder-vom-lauf-am-sonntag\/","url":"https:\/\/www.michael-krell.com\/en\/bilder-vom-lauf-am-sonntag\/","name":"Bilder vom Lauf am Sonntag... - Michael Krell Triathlon Coaching","isPartOf":{"@id":"https:\/\/www.michael-krell.com\/en\/#website"},"datePublished":"2009-11-11T10:50:00+00:00","dateModified":"2017-04-18T16:43:20+00:00","author":{"@id":"https:\/\/www.michael-krell.com\/en\/#\/schema\/person\/17d0c03cb1e15db7305e41b6170a4237"},"breadcrumb":{"@id":"https:\/\/www.michael-krell.com\/en\/bilder-vom-lauf-am-sonntag\/#breadcrumb"},"inLanguage":"de","potentialAction":[{"@type":"ReadAction","target":["https:\/\/www.michael-krell.com\/en\/bilder-vom-lauf-am-sonntag\/"]}]},{"@type":"BreadcrumbList","@id":"https:\/\/www.michael-krell.com\/en\/bilder-vom-lauf-am-sonntag\/#breadcrumb","itemListElement":[{"@type":"ListItem","position":1,"name":"Startseite","item":"https:\/\/www.michael-krell.com\/en\/"},{"@type":"ListItem","position":2,"name":"Bilder vom Lauf am Sonntag&#8230;"}]},{"@type":"WebSite","@id":"https:\/\/www.michael-krell.com\/en\/#website","url":"https:\/\/www.michael-krell.com\/en\/","name":"Michael Krell Triathlon Coaching","description":"","potentialAction":[{"@type":"SearchAction","target":{"@type":"EntryPoint","urlTemplate":"https:\/\/www.michael-krell.com\/en\/?s={search_term_string}"},"query-input":"required name=search_term_string"}],"inLanguage":"de"},{"@type":"Person","@id":"https:\/\/www.michael-krell.com\/en\/#\/schema\/person\/17d0c03cb1e15db7305e41b6170a4237","name":"Michael Krell","image":{"@type":"ImageObject","inLanguage":"de","@id":"https:\/\/www.michael-krell.com\/en\/#\/schema\/person\/image\/","url":"https:\/\/secure.gravatar.com\/avatar\/33e39b9fbaf6777afb9b8559d921c4d22f4fd87cba8562434fa169fa71aeb1b3?s=96&d=mm&r=g","contentUrl":"https:\/\/secure.gravatar.com\/avatar\/33e39b9fbaf6777afb9b8559d921c4d22f4fd87cba8562434fa169fa71aeb1b3?s=96&d=mm&r=g","caption":"Michael Krell"},"url":"https:\/\/www.michael-krell.com\/de\/author\/krelli\/"}]}},"_links":{"self":[{"href":"https:\/\/www.michael-krell.com\/de\/wp-json\/wp\/v2\/posts\/902","targetHints":{"allow":["GET"]}}],"collection":[{"href":"https:\/\/www.michael-krell.com\/de\/wp-json\/wp\/v2\/posts"}],"about":[{"href":"https:\/\/www.michael-krell.com\/de\/wp-json\/wp\/v2\/types\/post"}],"author":[{"embeddable":true,"href":"https:\/\/www.michael-krell.com\/de\/wp-json\/wp\/v2\/users\/2"}],"replies":[{"embeddable":true,"href":"https:\/\/www.michael-krell.com\/de\/wp-json\/wp\/v2\/comments?post=902"}],"version-history":[{"count":1,"href":"https:\/\/www.michael-krell.com\/de\/wp-json\/wp\/v2\/posts\/902\/revisions"}],"predecessor-version":[{"id":4054,"href":"https:\/\/www.michael-krell.com\/de\/wp-json\/wp\/v2\/posts\/902\/revisions\/4054"}],"wp:attachment":[{"href":"https:\/\/www.michael-krell.com\/de\/wp-json\/wp\/v2\/media?parent=902"}],"wp:term":[{"taxonomy":"category","embeddable":true,"href":"https:\/\/www.michael-krell.com\/de\/wp-json\/wp\/v2\/categories?post=902"},{"taxonomy":"post_tag","embeddable":true,"href":"https:\/\/www.michael-krell.com\/de\/wp-json\/wp\/v2\/tags?post=902"}],"curies":[{"name":"wp","href":"https:\/\/api.w.org\/{rel}","templated":true}]}}