{"id":904,"date":"2009-11-06T07:50:00","date_gmt":"2009-11-06T06:50:00","guid":{"rendered":"http:\/\/www.michael-krell.com\/?p=904"},"modified":"2017-05-16T14:54:12","modified_gmt":"2017-05-16T12:54:12","slug":"nicht-vergessen-3","status":"publish","type":"post","link":"https:\/\/www.michael-krell.com\/de\/nicht-vergessen-3\/","title":{"rendered":"nicht vergessen&#8230;"},"content":{"rendered":"<p>++++Ergebnis Steffen++++<\/p>\n<p>&#8222;Hatte mal wieder das Problem mit dem Muskelstechen.<br \/>Immer wenn ich viel trainiere und dann einen Tag nix mache, oder sehr viel trainiere und einen Tag weniger, bekomme ich so ne Art Krampf. Entweder beim Radeln im Hintern oder beim Laufen vorne ueberm Knie (also die am meisten beanspruchten Muskeln).<br \/>Ich bekomme dann solche Schmerzen, dass ich das Bein nicht mehr beugen kann.<\/p>\n<p>Hatte diesmal alles richtig gemacht. Gut trainiert und die letzten drei Naechte ueber 8h geschlafen und morgens am Start nackige 68kg. Beim Schwimmen fings schon an, war aber nicht so schlimm, da man ja die Beine nicht braucht. Beim Wechsel bekam ich es ganz leicht beim Laufen erreichte aber noch das Rad. Doch nach etwa 1km fing es an. Ich konnte erst nicht mehr Aeropos. fahren, dann nicht mehr Oberlenker. Als ich dann auch nicht mehr stehend radeln konnte, klickte ich das linke Bein aus und fuhr noch bis km 25 nur mit dem rechten Bein. Es ging aber nicht weg.<br \/>Jetzt habe ich wie ne Art Muskelkater im Hintern. Hatte das schon oefters. Meist bekam ich es als ich mit dem tapern anfieng und brachte es nach etwa 4 Tagen wieder weg.<\/p>\n<p>Also wieder nix. Habe mich schon fast dran gewoehnt, dass immer wenn ich mich auf was hart vorbereite alles schief laeuft.&#8220;<br \/>++++<br \/><a href=\"http:\/\/4.bp.blogspot.com\/_0j3c4ndfFAY\/SvPWx0y7i3I\/AAAAAAAAAgw\/o3lpyM_7rt4\/s1600-h\/BILD0237.JPG\"><img decoding=\"async\" id=\"BLOGGER_PHOTO_ID_5400896529621551986\" style=\"DISPLAY: block; MARGIN: 0px auto 10px; WIDTH: 400px; CURSOR: hand; HEIGHT: 300px; TEXT-ALIGN: center\" alt=\"\" src=\"http:\/\/4.bp.blogspot.com\/_0j3c4ndfFAY\/SvPWx0y7i3I\/AAAAAAAAAgw\/o3lpyM_7rt4\/s400\/BILD0237.JPG\" border=\"0\" \/><\/a><br \/>&#8230;morgen dem Steffen (rechts von mir im gr\u00fcnen Pullover) beim Ironman Florida die Daumen dr\u00fccken!! Ich w\u00fcnsche ihm noch einmal eine ruhige und erholsame Nacht in seinem Mietwagen und dann gehts los \ud83d\ude42<\/p>\n<p>Dank Twix, Snickers und \u00fcbrig gebliebenen Halloween-S\u00fcs\u00dfigkeiten hat er inzwischen auch schon wieder sein Kampfgewicht von 70kg erreicht, jetzt ist der Raddruck wieder da und beim Laufen passt es ebenso.<\/p>\n<p>+++++<br \/>Damit er sich nicht allein qu\u00e4len muss, haben wir beschlossen am Sonntag mit dem Radl zum Gro\u00dfhabersdorfer Lauf zu fahren, dort den Hauptlauf mitzumachen und wieder zur\u00fcck nach N\u00fcrnberg auszufahren.<\/p>\n<p>Der Lauf beginnt um 11:30, wer hier in der N\u00e4he wohnt und Lust hat mitzukommen, gibt mir einfach Bescheid: <a href=\"mailto:mkrell@gmx.de\">mkrell@gmx.de<\/a><\/p>\n<p>sch\u00f6nes Wochenende!<br \/>krelli<\/p>\n","protected":false},"excerpt":{"rendered":"<p>++++Ergebnis Steffen++++ &#8222;Hatte mal wieder das Problem mit dem Muskelstechen.Immer wenn ich viel trainiere und dann einen Tag nix mache, [&hellip;]<\/p>\n","protected":false},"author":2,"featured_media":0,"comment_status":"open","ping_status":"open","sticky":false,"template":"","format":"standard","meta":{"footnotes":""},"categories":[1220],"tags":[],"class_list":["post-904","post","type-post","status-publish","format-standard","hentry","category-privates"],"yoast_head":"<!-- This site is optimized with the Yoast SEO plugin v19.8 - https:\/\/yoast.com\/wordpress\/plugins\/seo\/ -->\n<title>nicht vergessen... - Michael Krell Triathlon Coaching<\/title>\n<meta name=\"robots\" content=\"index, follow, max-snippet:-1, max-image-preview:large, max-video-preview:-1\" \/>\n<link rel=\"canonical\" href=\"https:\/\/www.michael-krell.com\/de\/nicht-vergessen-3\/\" \/>\n<meta property=\"og:locale\" content=\"de_DE\" \/>\n<meta property=\"og:type\" content=\"article\" \/>\n<meta property=\"og:title\" content=\"nicht vergessen... - Michael Krell Triathlon Coaching\" \/>\n<meta property=\"og:description\" content=\"++++Ergebnis Steffen++++ &#8222;Hatte mal wieder das Problem mit dem Muskelstechen.Immer wenn ich viel trainiere und dann einen Tag nix mache, [&hellip;]\" \/>\n<meta property=\"og:url\" content=\"https:\/\/www.michael-krell.com\/de\/nicht-vergessen-3\/\" \/>\n<meta property=\"og:site_name\" content=\"Michael Krell Triathlon Coaching\" \/>\n<meta property=\"article:published_time\" content=\"2009-11-06T06:50:00+00:00\" \/>\n<meta property=\"article:modified_time\" content=\"2017-05-16T12:54:12+00:00\" \/>\n<meta property=\"og:image\" content=\"http:\/\/4.bp.blogspot.com\/_0j3c4ndfFAY\/SvPWx0y7i3I\/AAAAAAAAAgw\/o3lpyM_7rt4\/s400\/BILD0237.JPG\" \/>\n<meta name=\"author\" content=\"Michael Krell\" \/>\n<meta name=\"twitter:card\" content=\"summary_large_image\" \/>\n<meta name=\"twitter:label1\" content=\"Verfasst von\" \/>\n\t<meta name=\"twitter:data1\" content=\"Michael Krell\" \/>\n\t<meta name=\"twitter:label2\" content=\"Gesch\u00e4tzte Lesezeit\" \/>\n\t<meta name=\"twitter:data2\" content=\"2\u00a0Minuten\" \/>\n<script type=\"application\/ld+json\" class=\"yoast-schema-graph\">{\"@context\":\"https:\/\/schema.org\",\"@graph\":[{\"@type\":\"WebPage\",\"@id\":\"https:\/\/www.michael-krell.com\/en\/nicht-vergessen-3\/\",\"url\":\"https:\/\/www.michael-krell.com\/en\/nicht-vergessen-3\/\",\"name\":\"nicht vergessen... - Michael Krell Triathlon Coaching\",\"isPartOf\":{\"@id\":\"https:\/\/www.michael-krell.com\/en\/#website\"},\"datePublished\":\"2009-11-06T06:50:00+00:00\",\"dateModified\":\"2017-05-16T12:54:12+00:00\",\"author\":{\"@id\":\"https:\/\/www.michael-krell.com\/en\/#\/schema\/person\/17d0c03cb1e15db7305e41b6170a4237\"},\"breadcrumb\":{\"@id\":\"https:\/\/www.michael-krell.com\/en\/nicht-vergessen-3\/#breadcrumb\"},\"inLanguage\":\"de\",\"potentialAction\":[{\"@type\":\"ReadAction\",\"target\":[\"https:\/\/www.michael-krell.com\/en\/nicht-vergessen-3\/\"]}]},{\"@type\":\"BreadcrumbList\",\"@id\":\"https:\/\/www.michael-krell.com\/en\/nicht-vergessen-3\/#breadcrumb\",\"itemListElement\":[{\"@type\":\"ListItem\",\"position\":1,\"name\":\"Startseite\",\"item\":\"https:\/\/www.michael-krell.com\/en\/\"},{\"@type\":\"ListItem\",\"position\":2,\"name\":\"nicht vergessen&#8230;\"}]},{\"@type\":\"WebSite\",\"@id\":\"https:\/\/www.michael-krell.com\/en\/#website\",\"url\":\"https:\/\/www.michael-krell.com\/en\/\",\"name\":\"Michael Krell Triathlon Coaching\",\"description\":\"\",\"potentialAction\":[{\"@type\":\"SearchAction\",\"target\":{\"@type\":\"EntryPoint\",\"urlTemplate\":\"https:\/\/www.michael-krell.com\/en\/?s={search_term_string}\"},\"query-input\":\"required name=search_term_string\"}],\"inLanguage\":\"de\"},{\"@type\":\"Person\",\"@id\":\"https:\/\/www.michael-krell.com\/en\/#\/schema\/person\/17d0c03cb1e15db7305e41b6170a4237\",\"name\":\"Michael Krell\",\"image\":{\"@type\":\"ImageObject\",\"inLanguage\":\"de\",\"@id\":\"https:\/\/www.michael-krell.com\/en\/#\/schema\/person\/image\/\",\"url\":\"https:\/\/secure.gravatar.com\/avatar\/33e39b9fbaf6777afb9b8559d921c4d22f4fd87cba8562434fa169fa71aeb1b3?s=96&d=mm&r=g\",\"contentUrl\":\"https:\/\/secure.gravatar.com\/avatar\/33e39b9fbaf6777afb9b8559d921c4d22f4fd87cba8562434fa169fa71aeb1b3?s=96&d=mm&r=g\",\"caption\":\"Michael Krell\"},\"url\":\"https:\/\/www.michael-krell.com\/de\/author\/krelli\/\"}]}<\/script>\n<!-- \/ Yoast SEO plugin. -->","yoast_head_json":{"title":"nicht vergessen... - Michael Krell Triathlon Coaching","robots":{"index":"index","follow":"follow","max-snippet":"max-snippet:-1","max-image-preview":"max-image-preview:large","max-video-preview":"max-video-preview:-1"},"canonical":"https:\/\/www.michael-krell.com\/de\/nicht-vergessen-3\/","og_locale":"de_DE","og_type":"article","og_title":"nicht vergessen... - Michael Krell Triathlon Coaching","og_description":"++++Ergebnis Steffen++++ &#8222;Hatte mal wieder das Problem mit dem Muskelstechen.Immer wenn ich viel trainiere und dann einen Tag nix mache, [&hellip;]","og_url":"https:\/\/www.michael-krell.com\/de\/nicht-vergessen-3\/","og_site_name":"Michael Krell Triathlon Coaching","article_published_time":"2009-11-06T06:50:00+00:00","article_modified_time":"2017-05-16T12:54:12+00:00","og_image":[{"url":"http:\/\/4.bp.blogspot.com\/_0j3c4ndfFAY\/SvPWx0y7i3I\/AAAAAAAAAgw\/o3lpyM_7rt4\/s400\/BILD0237.JPG"}],"author":"Michael Krell","twitter_card":"summary_large_image","twitter_misc":{"Verfasst von":"Michael Krell","Gesch\u00e4tzte Lesezeit":"2\u00a0Minuten"},"schema":{"@context":"https:\/\/schema.org","@graph":[{"@type":"WebPage","@id":"https:\/\/www.michael-krell.com\/en\/nicht-vergessen-3\/","url":"https:\/\/www.michael-krell.com\/en\/nicht-vergessen-3\/","name":"nicht vergessen... - Michael Krell Triathlon Coaching","isPartOf":{"@id":"https:\/\/www.michael-krell.com\/en\/#website"},"datePublished":"2009-11-06T06:50:00+00:00","dateModified":"2017-05-16T12:54:12+00:00","author":{"@id":"https:\/\/www.michael-krell.com\/en\/#\/schema\/person\/17d0c03cb1e15db7305e41b6170a4237"},"breadcrumb":{"@id":"https:\/\/www.michael-krell.com\/en\/nicht-vergessen-3\/#breadcrumb"},"inLanguage":"de","potentialAction":[{"@type":"ReadAction","target":["https:\/\/www.michael-krell.com\/en\/nicht-vergessen-3\/"]}]},{"@type":"BreadcrumbList","@id":"https:\/\/www.michael-krell.com\/en\/nicht-vergessen-3\/#breadcrumb","itemListElement":[{"@type":"ListItem","position":1,"name":"Startseite","item":"https:\/\/www.michael-krell.com\/en\/"},{"@type":"ListItem","position":2,"name":"nicht vergessen&#8230;"}]},{"@type":"WebSite","@id":"https:\/\/www.michael-krell.com\/en\/#website","url":"https:\/\/www.michael-krell.com\/en\/","name":"Michael Krell Triathlon Coaching","description":"","potentialAction":[{"@type":"SearchAction","target":{"@type":"EntryPoint","urlTemplate":"https:\/\/www.michael-krell.com\/en\/?s={search_term_string}"},"query-input":"required name=search_term_string"}],"inLanguage":"de"},{"@type":"Person","@id":"https:\/\/www.michael-krell.com\/en\/#\/schema\/person\/17d0c03cb1e15db7305e41b6170a4237","name":"Michael Krell","image":{"@type":"ImageObject","inLanguage":"de","@id":"https:\/\/www.michael-krell.com\/en\/#\/schema\/person\/image\/","url":"https:\/\/secure.gravatar.com\/avatar\/33e39b9fbaf6777afb9b8559d921c4d22f4fd87cba8562434fa169fa71aeb1b3?s=96&d=mm&r=g","contentUrl":"https:\/\/secure.gravatar.com\/avatar\/33e39b9fbaf6777afb9b8559d921c4d22f4fd87cba8562434fa169fa71aeb1b3?s=96&d=mm&r=g","caption":"Michael Krell"},"url":"https:\/\/www.michael-krell.com\/de\/author\/krelli\/"}]}},"_links":{"self":[{"href":"https:\/\/www.michael-krell.com\/de\/wp-json\/wp\/v2\/posts\/904","targetHints":{"allow":["GET"]}}],"collection":[{"href":"https:\/\/www.michael-krell.com\/de\/wp-json\/wp\/v2\/posts"}],"about":[{"href":"https:\/\/www.michael-krell.com\/de\/wp-json\/wp\/v2\/types\/post"}],"author":[{"embeddable":true,"href":"https:\/\/www.michael-krell.com\/de\/wp-json\/wp\/v2\/users\/2"}],"replies":[{"embeddable":true,"href":"https:\/\/www.michael-krell.com\/de\/wp-json\/wp\/v2\/comments?post=904"}],"version-history":[{"count":1,"href":"https:\/\/www.michael-krell.com\/de\/wp-json\/wp\/v2\/posts\/904\/revisions"}],"predecessor-version":[{"id":4254,"href":"https:\/\/www.michael-krell.com\/de\/wp-json\/wp\/v2\/posts\/904\/revisions\/4254"}],"wp:attachment":[{"href":"https:\/\/www.michael-krell.com\/de\/wp-json\/wp\/v2\/media?parent=904"}],"wp:term":[{"taxonomy":"category","embeddable":true,"href":"https:\/\/www.michael-krell.com\/de\/wp-json\/wp\/v2\/categories?post=904"},{"taxonomy":"post_tag","embeddable":true,"href":"https:\/\/www.michael-krell.com\/de\/wp-json\/wp\/v2\/tags?post=904"}],"curies":[{"name":"wp","href":"https:\/\/api.w.org\/{rel}","templated":true}]}}