{"id":907,"date":"2009-10-30T07:26:00","date_gmt":"2009-10-30T06:26:00","guid":{"rendered":"http:\/\/www.michael-krell.com\/?p=907"},"modified":"2017-04-18T18:50:27","modified_gmt":"2017-04-18T16:50:27","slug":"es-geht-auch-anders","status":"publish","type":"post","link":"https:\/\/www.michael-krell.com\/de\/es-geht-auch-anders\/","title":{"rendered":"Es geht auch anders!!"},"content":{"rendered":"<p><a href=\"http:\/\/2.bp.blogspot.com\/_0j3c4ndfFAY\/SuqOLB4d05I\/AAAAAAAAAgI\/Ayh-0OMO-b0\/s1600-h\/Finish%2BIMG%2BFFM%2B2008.JPG\"><img decoding=\"async\" id=\"BLOGGER_PHOTO_ID_5398283423491937170\" style=\"display: block; margin: 0px auto 10px; text-align: center; cursor: hand; width: 266px; height: 400px;\" src=\"http:\/\/2.bp.blogspot.com\/_0j3c4ndfFAY\/SuqOLB4d05I\/AAAAAAAAAgI\/Ayh-0OMO-b0\/s400\/Finish%2BIMG%2BFFM%2B2008.JPG\" alt=\"\" border=\"0\" \/><\/a>Hi Leute,<\/p>\n<p>nachdem bei den letzten Beitr\u00e4gen vermehrt die Diskussion um <strong>Sport, Beruf und Familie<\/strong> aufgekommen ist, m\u00f6chte ich das Thema heute auch gleich mal aufgreifen. Im kommenden Buch wird dies auch ein wichtiger Bestandteil unseres Konzepts sein.<\/p>\n<p>Ich habe ja sowieso schon lange versprochen, etwas von den Antworten die ich in diversen Interviews und Mails zum Thema bekommen hatte, hier zu ver\u00f6ffentlichen. Jetzt fange ich einfach mal damit an.<\/p>\n<p>Einige sind der Meinung dass mein t\u00e4gliches Training und die Ziele die ich mir stecke nur dadurch beg\u00fcnstigt werden, dass ich noch keine Kinder habe. Dies mag wirklich einer der Gr\u00fcnde sein und ohne damit Erfahrung gesammelt zu haben, enthalte ich mich einer Meinung dar\u00fcber.<\/p>\n<p>Andere Gr\u00fcnde sehe ich f\u00fcr mich in einem <strong>straffen Zeitmanagement <\/strong>und das <strong>Verzichten oder Einschr\u00e4nken auf unn\u00f6tige Zeitfresser<\/strong>, wie Fernsehen, Computer spielen (was ich in meiner Saisonpause teilweise stundenlang mache \ud83d\ude09 und Weiteres.<\/p>\n<p>Dass es aber auch anders geht, bewei\u00dft die <strong>Geschichte von Stefan<\/strong>.<\/p>\n<p><a href=\"http:\/\/1.bp.blogspot.com\/_0j3c4ndfFAY\/SuqORT1bdoI\/AAAAAAAAAgQ\/b6CSmqhqnQk\/s1600-h\/Stefan_Kinder.JPG\"><img decoding=\"async\" id=\"BLOGGER_PHOTO_ID_5398283531390252674\" style=\"display: block; margin: 0px auto 10px; text-align: center; cursor: hand; width: 400px; height: 300px;\" src=\"http:\/\/1.bp.blogspot.com\/_0j3c4ndfFAY\/SuqORT1bdoI\/AAAAAAAAAgQ\/b6CSmqhqnQk\/s400\/Stefan_Kinder.JPG\" alt=\"\" border=\"0\" \/><\/a><br \/>\nStefan ist Bereichsleiter eines gro\u00dfen Versicherungsunternehmens hier in F\u00fcrth und arbeitet zwischen 50-60 Std. pro Woche und hat eine gl\u00fcckliche Familie mit zwei kleinen Kindern (1 und 6 Jahre alt).<\/p>\n<p>2002 wurde er vom Ausdauervirus befallen als er durch das Anfangen von regelm\u00e4\u00dfigem Joggen vorerst nur sein Gewicht reduzieren wollte. Eins kam nach dem Anderen und ehe er sich es versah, wollte er die Hawaii-Quali.<br \/>\nDiesen Traum hat er sich vor ein paar Wochen beim Ironman Wisconsin in 9:47 Std. erf\u00fcllen k\u00f6nnen (der Kurs ist recht knackig und daher etwas langsamer)<\/p>\n<p>Aktuell und davor trainierte er zwischen 8-14 Stunden in der Woche.<\/p>\n<p>Es gibt einige wichtige Faktoren die er verantwortlich sieht, dass er Beruf, Sport und Familie unter einen Hut bekommt (hier mal ein Auszug):<\/p>\n<p>-Arbeit ist Regeneration f\u00fcr die Beine und Training ist Regeneration f\u00fcrs Gehirn \ud83d\ude42<\/p>\n<p>&#8211;<strong>Training fast immer morgens<\/strong> wenn die Familie noch schl\u00e4ft und <strong>bei jedem Wetter!<\/strong><\/p>\n<p>-Zeit sparen, <strong>kein Materialfetisch<\/strong>, R\u00e4der werden nicht geputzt aber alle paar Monate zur Reparatur und Wartung gebracht<\/p>\n<p>-kurze Einheiten intensiv und lange Einheiten progressiv durchf\u00fchren<\/p>\n<p>-wenn es geht <strong>Familie integrieren<\/strong>, z.B. zusammen ins Spa\u00dfbad, dort 2x400m volle Kanne und zur\u00fcck nach Hause laufen, w\u00e4hrend die Familie mit dem Auto f\u00e4hrt<\/p>\n<p>&#8211;<strong>Flexibilit\u00e4t<\/strong>, wenn keine 3Std. Radfahren m\u00f6glich sind, dann halt nur eine Stunde, daf\u00fcr aber (ihr wisst was jetzt kommt ;)&#8230;volle Kanne!<\/p>\n<p>-Fokus: <strong>keine anderen Hobbies<\/strong>, Tratsch und Klatsch mit den Kumpels auf dem Rad erledigen \ud83d\ude09<\/p>\n<p>-und das Wichtigste, <strong>locker bleiben<\/strong>, keine Verbissenheit &#8211;<br \/>\n&#8222;Niederlagen\/R\u00fcckschl\u00e4ge\/Krankheiten\/Verletzungen etc. <strong>mit einem L\u00e4cheln<br \/>\nannehmen<\/strong> &#8211; nur wenn man Positives aus dem Sport zieht, wird das auf Familie, Freunde, Kollegen abstrahlen und deren Unterst\u00fctzungsbereitschaft f\u00f6rdern&#8220;<\/p>\n<p>Ich denke dies ist schon bemerkenswert, hier kann man deutlich erkennen was ein solcher Amateur, der auf Hawaii starten m\u00f6chte, Tag f\u00fcr Tag alles leisten muss um sich diesen Traum zu erf\u00fcllen. Was hier z\u00e4hlt ist der Wille, der ja bekanntlich auch schon mal Berge versetzen kann \ud83d\ude09<\/p>\n<p>in dem Sinne&#8230;Hut ab!!<br \/>\nkrelli<\/p>\n","protected":false},"excerpt":{"rendered":"<p>Hi Leute, nachdem bei den letzten Beitr\u00e4gen vermehrt die Diskussion um Sport, Beruf und Familie aufgekommen ist, m\u00f6chte ich das [&hellip;]<\/p>\n","protected":false},"author":2,"featured_media":0,"comment_status":"open","ping_status":"open","sticky":false,"template":"","format":"standard","meta":{"footnotes":""},"categories":[1220],"tags":[],"class_list":["post-907","post","type-post","status-publish","format-standard","hentry","category-privates"],"yoast_head":"<!-- This site is optimized with the Yoast SEO plugin v19.8 - https:\/\/yoast.com\/wordpress\/plugins\/seo\/ -->\n<title>Es geht auch anders!! - Michael Krell Triathlon Coaching<\/title>\n<meta name=\"robots\" content=\"index, follow, max-snippet:-1, max-image-preview:large, max-video-preview:-1\" \/>\n<link rel=\"canonical\" href=\"https:\/\/www.michael-krell.com\/de\/es-geht-auch-anders\/\" \/>\n<meta property=\"og:locale\" content=\"de_DE\" \/>\n<meta property=\"og:type\" content=\"article\" \/>\n<meta property=\"og:title\" content=\"Es geht auch anders!! - Michael Krell Triathlon Coaching\" \/>\n<meta property=\"og:description\" content=\"Hi Leute, nachdem bei den letzten Beitr\u00e4gen vermehrt die Diskussion um Sport, Beruf und Familie aufgekommen ist, m\u00f6chte ich das [&hellip;]\" \/>\n<meta property=\"og:url\" content=\"https:\/\/www.michael-krell.com\/de\/es-geht-auch-anders\/\" \/>\n<meta property=\"og:site_name\" content=\"Michael Krell Triathlon Coaching\" \/>\n<meta property=\"article:published_time\" content=\"2009-10-30T06:26:00+00:00\" \/>\n<meta property=\"article:modified_time\" content=\"2017-04-18T16:50:27+00:00\" \/>\n<meta property=\"og:image\" content=\"http:\/\/2.bp.blogspot.com\/_0j3c4ndfFAY\/SuqOLB4d05I\/AAAAAAAAAgI\/Ayh-0OMO-b0\/s400\/Finish%2BIMG%2BFFM%2B2008.JPG\" \/>\n<meta name=\"author\" content=\"Michael Krell\" \/>\n<meta name=\"twitter:card\" content=\"summary_large_image\" \/>\n<meta name=\"twitter:label1\" content=\"Verfasst von\" \/>\n\t<meta name=\"twitter:data1\" content=\"Michael Krell\" \/>\n\t<meta name=\"twitter:label2\" content=\"Gesch\u00e4tzte Lesezeit\" \/>\n\t<meta name=\"twitter:data2\" content=\"3\u00a0Minuten\" \/>\n<script type=\"application\/ld+json\" class=\"yoast-schema-graph\">{\"@context\":\"https:\/\/schema.org\",\"@graph\":[{\"@type\":\"WebPage\",\"@id\":\"https:\/\/www.michael-krell.com\/de\/es-geht-auch-anders\/\",\"url\":\"https:\/\/www.michael-krell.com\/de\/es-geht-auch-anders\/\",\"name\":\"Es geht auch anders!! - Michael Krell Triathlon Coaching\",\"isPartOf\":{\"@id\":\"https:\/\/www.michael-krell.com\/en\/#website\"},\"datePublished\":\"2009-10-30T06:26:00+00:00\",\"dateModified\":\"2017-04-18T16:50:27+00:00\",\"author\":{\"@id\":\"https:\/\/www.michael-krell.com\/en\/#\/schema\/person\/17d0c03cb1e15db7305e41b6170a4237\"},\"breadcrumb\":{\"@id\":\"https:\/\/www.michael-krell.com\/de\/es-geht-auch-anders\/#breadcrumb\"},\"inLanguage\":\"de\",\"potentialAction\":[{\"@type\":\"ReadAction\",\"target\":[\"https:\/\/www.michael-krell.com\/de\/es-geht-auch-anders\/\"]}]},{\"@type\":\"BreadcrumbList\",\"@id\":\"https:\/\/www.michael-krell.com\/de\/es-geht-auch-anders\/#breadcrumb\",\"itemListElement\":[{\"@type\":\"ListItem\",\"position\":1,\"name\":\"Startseite\",\"item\":\"https:\/\/www.michael-krell.com\/en\/\"},{\"@type\":\"ListItem\",\"position\":2,\"name\":\"Es geht auch anders!!\"}]},{\"@type\":\"WebSite\",\"@id\":\"https:\/\/www.michael-krell.com\/en\/#website\",\"url\":\"https:\/\/www.michael-krell.com\/en\/\",\"name\":\"Michael Krell Triathlon Coaching\",\"description\":\"\",\"potentialAction\":[{\"@type\":\"SearchAction\",\"target\":{\"@type\":\"EntryPoint\",\"urlTemplate\":\"https:\/\/www.michael-krell.com\/en\/?s={search_term_string}\"},\"query-input\":\"required name=search_term_string\"}],\"inLanguage\":\"de\"},{\"@type\":\"Person\",\"@id\":\"https:\/\/www.michael-krell.com\/en\/#\/schema\/person\/17d0c03cb1e15db7305e41b6170a4237\",\"name\":\"Michael Krell\",\"image\":{\"@type\":\"ImageObject\",\"inLanguage\":\"de\",\"@id\":\"https:\/\/www.michael-krell.com\/en\/#\/schema\/person\/image\/\",\"url\":\"https:\/\/secure.gravatar.com\/avatar\/33e39b9fbaf6777afb9b8559d921c4d22f4fd87cba8562434fa169fa71aeb1b3?s=96&d=mm&r=g\",\"contentUrl\":\"https:\/\/secure.gravatar.com\/avatar\/33e39b9fbaf6777afb9b8559d921c4d22f4fd87cba8562434fa169fa71aeb1b3?s=96&d=mm&r=g\",\"caption\":\"Michael Krell\"},\"url\":\"https:\/\/www.michael-krell.com\/de\/author\/krelli\/\"}]}<\/script>\n<!-- \/ Yoast SEO plugin. -->","yoast_head_json":{"title":"Es geht auch anders!! - Michael Krell Triathlon Coaching","robots":{"index":"index","follow":"follow","max-snippet":"max-snippet:-1","max-image-preview":"max-image-preview:large","max-video-preview":"max-video-preview:-1"},"canonical":"https:\/\/www.michael-krell.com\/de\/es-geht-auch-anders\/","og_locale":"de_DE","og_type":"article","og_title":"Es geht auch anders!! - Michael Krell Triathlon Coaching","og_description":"Hi Leute, nachdem bei den letzten Beitr\u00e4gen vermehrt die Diskussion um Sport, Beruf und Familie aufgekommen ist, m\u00f6chte ich das [&hellip;]","og_url":"https:\/\/www.michael-krell.com\/de\/es-geht-auch-anders\/","og_site_name":"Michael Krell Triathlon Coaching","article_published_time":"2009-10-30T06:26:00+00:00","article_modified_time":"2017-04-18T16:50:27+00:00","og_image":[{"url":"http:\/\/2.bp.blogspot.com\/_0j3c4ndfFAY\/SuqOLB4d05I\/AAAAAAAAAgI\/Ayh-0OMO-b0\/s400\/Finish%2BIMG%2BFFM%2B2008.JPG"}],"author":"Michael Krell","twitter_card":"summary_large_image","twitter_misc":{"Verfasst von":"Michael Krell","Gesch\u00e4tzte Lesezeit":"3\u00a0Minuten"},"schema":{"@context":"https:\/\/schema.org","@graph":[{"@type":"WebPage","@id":"https:\/\/www.michael-krell.com\/de\/es-geht-auch-anders\/","url":"https:\/\/www.michael-krell.com\/de\/es-geht-auch-anders\/","name":"Es geht auch anders!! - Michael Krell Triathlon Coaching","isPartOf":{"@id":"https:\/\/www.michael-krell.com\/en\/#website"},"datePublished":"2009-10-30T06:26:00+00:00","dateModified":"2017-04-18T16:50:27+00:00","author":{"@id":"https:\/\/www.michael-krell.com\/en\/#\/schema\/person\/17d0c03cb1e15db7305e41b6170a4237"},"breadcrumb":{"@id":"https:\/\/www.michael-krell.com\/de\/es-geht-auch-anders\/#breadcrumb"},"inLanguage":"de","potentialAction":[{"@type":"ReadAction","target":["https:\/\/www.michael-krell.com\/de\/es-geht-auch-anders\/"]}]},{"@type":"BreadcrumbList","@id":"https:\/\/www.michael-krell.com\/de\/es-geht-auch-anders\/#breadcrumb","itemListElement":[{"@type":"ListItem","position":1,"name":"Startseite","item":"https:\/\/www.michael-krell.com\/en\/"},{"@type":"ListItem","position":2,"name":"Es geht auch anders!!"}]},{"@type":"WebSite","@id":"https:\/\/www.michael-krell.com\/en\/#website","url":"https:\/\/www.michael-krell.com\/en\/","name":"Michael Krell Triathlon Coaching","description":"","potentialAction":[{"@type":"SearchAction","target":{"@type":"EntryPoint","urlTemplate":"https:\/\/www.michael-krell.com\/en\/?s={search_term_string}"},"query-input":"required name=search_term_string"}],"inLanguage":"de"},{"@type":"Person","@id":"https:\/\/www.michael-krell.com\/en\/#\/schema\/person\/17d0c03cb1e15db7305e41b6170a4237","name":"Michael Krell","image":{"@type":"ImageObject","inLanguage":"de","@id":"https:\/\/www.michael-krell.com\/en\/#\/schema\/person\/image\/","url":"https:\/\/secure.gravatar.com\/avatar\/33e39b9fbaf6777afb9b8559d921c4d22f4fd87cba8562434fa169fa71aeb1b3?s=96&d=mm&r=g","contentUrl":"https:\/\/secure.gravatar.com\/avatar\/33e39b9fbaf6777afb9b8559d921c4d22f4fd87cba8562434fa169fa71aeb1b3?s=96&d=mm&r=g","caption":"Michael Krell"},"url":"https:\/\/www.michael-krell.com\/de\/author\/krelli\/"}]}},"_links":{"self":[{"href":"https:\/\/www.michael-krell.com\/de\/wp-json\/wp\/v2\/posts\/907","targetHints":{"allow":["GET"]}}],"collection":[{"href":"https:\/\/www.michael-krell.com\/de\/wp-json\/wp\/v2\/posts"}],"about":[{"href":"https:\/\/www.michael-krell.com\/de\/wp-json\/wp\/v2\/types\/post"}],"author":[{"embeddable":true,"href":"https:\/\/www.michael-krell.com\/de\/wp-json\/wp\/v2\/users\/2"}],"replies":[{"embeddable":true,"href":"https:\/\/www.michael-krell.com\/de\/wp-json\/wp\/v2\/comments?post=907"}],"version-history":[{"count":1,"href":"https:\/\/www.michael-krell.com\/de\/wp-json\/wp\/v2\/posts\/907\/revisions"}],"predecessor-version":[{"id":4056,"href":"https:\/\/www.michael-krell.com\/de\/wp-json\/wp\/v2\/posts\/907\/revisions\/4056"}],"wp:attachment":[{"href":"https:\/\/www.michael-krell.com\/de\/wp-json\/wp\/v2\/media?parent=907"}],"wp:term":[{"taxonomy":"category","embeddable":true,"href":"https:\/\/www.michael-krell.com\/de\/wp-json\/wp\/v2\/categories?post=907"},{"taxonomy":"post_tag","embeddable":true,"href":"https:\/\/www.michael-krell.com\/de\/wp-json\/wp\/v2\/tags?post=907"}],"curies":[{"name":"wp","href":"https:\/\/api.w.org\/{rel}","templated":true}]}}