{"id":911,"date":"2009-10-21T06:19:00","date_gmt":"2009-10-21T04:19:00","guid":{"rendered":"http:\/\/www.michael-krell.com\/?p=911"},"modified":"2017-04-18T18:51:45","modified_gmt":"2017-04-18T16:51:45","slug":"los-gehts-mit-dem-training-die-ersten-wochen","status":"publish","type":"post","link":"https:\/\/www.michael-krell.com\/de\/los-gehts-mit-dem-training-die-ersten-wochen\/","title":{"rendered":"los gehts mit dem Training! &#8211; die ersten Wochen&#8230;"},"content":{"rendered":"<p><a href=\"http:\/\/4.bp.blogspot.com\/_0j3c4ndfFAY\/St6dVbvWK7I\/AAAAAAAAAfg\/a-vowxP8z-g\/s1600-h\/IMG_4463.JPG\"><img decoding=\"async\" id=\"BLOGGER_PHOTO_ID_5394922395185589170\" style=\"display: block; margin: 0px auto 10px; width: 267px; cursor: hand; height: 400px; text-align: center;\" src=\"http:\/\/4.bp.blogspot.com\/_0j3c4ndfFAY\/St6dVbvWK7I\/AAAAAAAAAfg\/a-vowxP8z-g\/s400\/IMG_4463.JPG\" alt=\"\" border=\"0\" \/><\/a> Nachdem ich bei den letzten lockeren Radtouren jedes Mal von all den anderen am Berg abgehangen wurde, reifte in mir der Entschluss, dass es langsam Zeit wird wieder mit regelm\u00e4\u00dfigem Training anzufangen. Des Weiteren kommt hinzu, dass mir das bei den letzten L\u00e4ufen auch passiert ist&#8230;oben seht ihr wie ich beim N\u00fcrnberger Stadtlauf von einem &#8222;Renn-Opa&#8220; kurz vorm Ziel noch vom 5.Platz verdr\u00e4ngt wurde \ud83d\ude09<\/p>\n<div>Nichts f\u00fcr ungut, das zeigt mal wieder das Alter nicht vor Leistung sch\u00fctzt! (ich bin \u00fcbrigens der links auf dem Bild&#8230;haha)<\/div>\n<p>&nbsp;<\/p>\n<div>Seit Montag ist es nun soweit und ich gew\u00f6hne mich bis Anfang November wieder an die t\u00e4gliche Bewegung, bevor es richtig losgeht. Ab November schreibt mir Bennie dann den Killer-Plan f\u00fcr n\u00e4chstes Jahr \ud83d\ude09<\/div>\n<p>&nbsp;<\/p>\n<div>Die Zeit bis dahin sieht dann z.b. f\u00fcr diese Woche folgenderma\u00dfen aus:<\/div>\n<p>&nbsp;<\/p>\n<div><strong>Montag:<\/strong><\/div>\n<div>30min Laufen in der Mittagspause, flott (wenn schon der Lauf nicht so lang ist, kann man ruhig etwas aufs Tempo dr\u00fccken \ud83d\ude09<\/div>\n<p>&nbsp;<\/p>\n<div>Am Abend 45min Schwimmen, viel Technik, alle Lagen durch und maximal 50m Kraul am St\u00fcck, dass sich nicht wieder grobe Fehler in den Stil einschleichen wie sie es immer tun sobald man am Anfang der Saison gleich zu lange S\u00e4tze schwimmt.<\/div>\n<p>&nbsp;<\/p>\n<div><strong>Dienstag:<\/strong><\/div>\n<div>45min Laufen in der Mittagspause, hatte B\u00fccher im Rucksack die ich noch in zwei verschiedenen Bibliotheken abgeben musste (war der letzte Verleihtag \ud83d\ude09 &#8230;puh, anfangs gef\u00fchltes Krafttraining mit dem Zusatzgewicht, daf\u00fcr bin ich am Ende fast &#8222;geflogen&#8220; als alle B\u00fccher aus dem Rucksack verschwunden waren.<\/div>\n<p>&nbsp;<\/p>\n<div>P\u00fcnktlich Feierabend gemacht und noch 2 Stunden mit Mario geradelt, am Ende leicht das Tempo angehoben.<\/div>\n<p>&nbsp;<\/p>\n<div><strong>Mittwoch:<\/strong><\/div>\n<div>30min Lauf-ABC am Mittag, Hopserlauf, Sprints, etc&#8230;<\/div>\n<p>&nbsp;<\/p>\n<div>Schwimmen am abend bei Trainer Thomas, muss mir noch eine Ausrede einfallen lassen warum ich eher gehen muss \ud83d\ude09 ca. 1 Stunde, viel Technik, Flossenschwimmen, kurz Kraul am Ende. Thomas f\u00fchrt zwar ein eisernes Regime, aber f\u00fcr mich genau das Richtige. Wenn ich jedes Mal allein f\u00fcr mich Schwimmen w\u00fcrde, da k\u00e4me kein ordentliches Training bei raus \ud83d\ude09<\/div>\n<p>&nbsp;<\/p>\n<div><strong>Donnerstag:<\/strong><\/div>\n<div>vor der Arbeit zum Krafttraining ins Fitnessstudio, 10 \u00dcbungen bei je 2 S\u00e4tzen zu 10 Wiederholungen und sofort wieder raus, Dauer ca. 40min. Was man immer absolvieren kann ist: Bankdr\u00fccken, Klimmz\u00fcge, Squats oder Beinpresse, Trizeps- und Wadenmaschine, Schulterheben und jede Menge Rumpfstabi.<\/div>\n<p>&nbsp;<\/p>\n<div>Mittags f\u00fcr 40min Laufen, anfangs gem\u00fctlich und am Ende hart.<\/div>\n<p>&nbsp;<\/p>\n<div>Abends (optional), Schwimmen in der Uni, aber nur wenn ich noch Lust habe. Macht aber immer Spa\u00df dort, recht locker und kein Zwang \ud83d\ude42<\/div>\n<p>&nbsp;<\/p>\n<div><strong>Freitag:<\/strong><\/div>\n<div>heute mal Lauffrei, daf\u00fcr ab fr\u00fchen nachmittag 2-3 Stunden radeln, Iwan kommt bestimmt wieder mit. Dem wird bei 5 Grad erst richtig warm \ud83d\ude09<\/div>\n<p>&nbsp;<\/p>\n<div>abends zum Schwimmen bei Thomas, \u00e4hnliches Programm wie am Mittwoch.<\/div>\n<p>&nbsp;<\/p>\n<div><strong>Samstag:<\/strong><\/div>\n<div>vormittag 1-1,5 Stunden laufen, haupts\u00e4chlich Grundlage und am Ende etwas Tempo.<\/div>\n<p>&nbsp;<\/p>\n<div><strong>Sonntag:<\/strong><\/div>\n<div>lange Radtour, vielleicht so 3 Stunden + 30min Koppellauf, wenn ich noch Bock hab.<\/div>\n<p>&nbsp;<\/p>\n<div>abends Fitnessstudio + Sauna<\/div>\n<div><\/div>\n<p>&nbsp;<\/p>\n<div>Das m\u00fcsste f\u00fcr den Anfang erst einmal gen\u00fcgen und mich langsam wieder trainingsbereit machen. Demn\u00e4chst werde ich dann auch die Laufsaison mit ein paar 10ern starten, damit ich am Ende im Ziel auch wieder l\u00e4cheln kann \ud83d\ude42<\/p>\n<p><a href=\"http:\/\/3.bp.blogspot.com\/_0j3c4ndfFAY\/St6iylCkVvI\/AAAAAAAAAfo\/1loEe4WQ-bA\/s1600-h\/IMG_4485.JPG\"><img decoding=\"async\" id=\"BLOGGER_PHOTO_ID_5394928393456473842\" style=\"display: block; margin: 0px auto 10px; width: 267px; cursor: hand; height: 400px; text-align: center;\" src=\"http:\/\/3.bp.blogspot.com\/_0j3c4ndfFAY\/St6iylCkVvI\/AAAAAAAAAfo\/1loEe4WQ-bA\/s400\/IMG_4485.JPG\" alt=\"\" border=\"0\" \/><\/a>haut rein!<br \/>\nkrelli<\/div>\n","protected":false},"excerpt":{"rendered":"<p>Nachdem ich bei den letzten lockeren Radtouren jedes Mal von all den anderen am Berg abgehangen wurde, reifte in mir [&hellip;]<\/p>\n","protected":false},"author":2,"featured_media":0,"comment_status":"open","ping_status":"open","sticky":false,"template":"","format":"standard","meta":{"footnotes":""},"categories":[1220],"tags":[],"class_list":["post-911","post","type-post","status-publish","format-standard","hentry","category-privates"],"yoast_head":"<!-- This site is optimized with the Yoast SEO plugin v19.8 - https:\/\/yoast.com\/wordpress\/plugins\/seo\/ -->\n<title>los gehts mit dem Training! - die ersten Wochen... - Michael Krell Triathlon Coaching<\/title>\n<meta name=\"robots\" content=\"index, follow, max-snippet:-1, max-image-preview:large, max-video-preview:-1\" \/>\n<link rel=\"canonical\" href=\"https:\/\/www.michael-krell.com\/de\/los-gehts-mit-dem-training-die-ersten-wochen\/\" \/>\n<meta property=\"og:locale\" content=\"de_DE\" \/>\n<meta property=\"og:type\" content=\"article\" \/>\n<meta property=\"og:title\" content=\"los gehts mit dem Training! - die ersten Wochen... - Michael Krell Triathlon Coaching\" \/>\n<meta property=\"og:description\" content=\"Nachdem ich bei den letzten lockeren Radtouren jedes Mal von all den anderen am Berg abgehangen wurde, reifte in mir [&hellip;]\" \/>\n<meta property=\"og:url\" content=\"https:\/\/www.michael-krell.com\/de\/los-gehts-mit-dem-training-die-ersten-wochen\/\" \/>\n<meta property=\"og:site_name\" content=\"Michael Krell Triathlon Coaching\" \/>\n<meta property=\"article:published_time\" content=\"2009-10-21T04:19:00+00:00\" \/>\n<meta property=\"article:modified_time\" content=\"2017-04-18T16:51:45+00:00\" \/>\n<meta property=\"og:image\" content=\"http:\/\/4.bp.blogspot.com\/_0j3c4ndfFAY\/St6dVbvWK7I\/AAAAAAAAAfg\/a-vowxP8z-g\/s400\/IMG_4463.JPG\" \/>\n<meta name=\"author\" content=\"Michael Krell\" \/>\n<meta name=\"twitter:card\" content=\"summary_large_image\" \/>\n<meta name=\"twitter:label1\" content=\"Verfasst von\" \/>\n\t<meta name=\"twitter:data1\" content=\"Michael Krell\" \/>\n\t<meta name=\"twitter:label2\" content=\"Gesch\u00e4tzte Lesezeit\" \/>\n\t<meta name=\"twitter:data2\" content=\"3\u00a0Minuten\" \/>\n<script type=\"application\/ld+json\" class=\"yoast-schema-graph\">{\"@context\":\"https:\/\/schema.org\",\"@graph\":[{\"@type\":\"WebPage\",\"@id\":\"https:\/\/www.michael-krell.com\/en\/los-gehts-mit-dem-training-die-ersten-wochen\/\",\"url\":\"https:\/\/www.michael-krell.com\/en\/los-gehts-mit-dem-training-die-ersten-wochen\/\",\"name\":\"los gehts mit dem Training! - die ersten Wochen... - Michael Krell Triathlon Coaching\",\"isPartOf\":{\"@id\":\"https:\/\/www.michael-krell.com\/en\/#website\"},\"datePublished\":\"2009-10-21T04:19:00+00:00\",\"dateModified\":\"2017-04-18T16:51:45+00:00\",\"author\":{\"@id\":\"https:\/\/www.michael-krell.com\/en\/#\/schema\/person\/17d0c03cb1e15db7305e41b6170a4237\"},\"breadcrumb\":{\"@id\":\"https:\/\/www.michael-krell.com\/en\/los-gehts-mit-dem-training-die-ersten-wochen\/#breadcrumb\"},\"inLanguage\":\"de\",\"potentialAction\":[{\"@type\":\"ReadAction\",\"target\":[\"https:\/\/www.michael-krell.com\/en\/los-gehts-mit-dem-training-die-ersten-wochen\/\"]}]},{\"@type\":\"BreadcrumbList\",\"@id\":\"https:\/\/www.michael-krell.com\/en\/los-gehts-mit-dem-training-die-ersten-wochen\/#breadcrumb\",\"itemListElement\":[{\"@type\":\"ListItem\",\"position\":1,\"name\":\"Startseite\",\"item\":\"https:\/\/www.michael-krell.com\/en\/\"},{\"@type\":\"ListItem\",\"position\":2,\"name\":\"los gehts mit dem Training! &#8211; die ersten Wochen&#8230;\"}]},{\"@type\":\"WebSite\",\"@id\":\"https:\/\/www.michael-krell.com\/en\/#website\",\"url\":\"https:\/\/www.michael-krell.com\/en\/\",\"name\":\"Michael Krell Triathlon Coaching\",\"description\":\"\",\"potentialAction\":[{\"@type\":\"SearchAction\",\"target\":{\"@type\":\"EntryPoint\",\"urlTemplate\":\"https:\/\/www.michael-krell.com\/en\/?s={search_term_string}\"},\"query-input\":\"required name=search_term_string\"}],\"inLanguage\":\"de\"},{\"@type\":\"Person\",\"@id\":\"https:\/\/www.michael-krell.com\/en\/#\/schema\/person\/17d0c03cb1e15db7305e41b6170a4237\",\"name\":\"Michael Krell\",\"image\":{\"@type\":\"ImageObject\",\"inLanguage\":\"de\",\"@id\":\"https:\/\/www.michael-krell.com\/en\/#\/schema\/person\/image\/\",\"url\":\"https:\/\/secure.gravatar.com\/avatar\/33e39b9fbaf6777afb9b8559d921c4d22f4fd87cba8562434fa169fa71aeb1b3?s=96&d=mm&r=g\",\"contentUrl\":\"https:\/\/secure.gravatar.com\/avatar\/33e39b9fbaf6777afb9b8559d921c4d22f4fd87cba8562434fa169fa71aeb1b3?s=96&d=mm&r=g\",\"caption\":\"Michael Krell\"},\"url\":\"https:\/\/www.michael-krell.com\/de\/author\/krelli\/\"}]}<\/script>\n<!-- \/ Yoast SEO plugin. -->","yoast_head_json":{"title":"los gehts mit dem Training! - die ersten Wochen... - Michael Krell Triathlon Coaching","robots":{"index":"index","follow":"follow","max-snippet":"max-snippet:-1","max-image-preview":"max-image-preview:large","max-video-preview":"max-video-preview:-1"},"canonical":"https:\/\/www.michael-krell.com\/de\/los-gehts-mit-dem-training-die-ersten-wochen\/","og_locale":"de_DE","og_type":"article","og_title":"los gehts mit dem Training! - die ersten Wochen... - Michael Krell Triathlon Coaching","og_description":"Nachdem ich bei den letzten lockeren Radtouren jedes Mal von all den anderen am Berg abgehangen wurde, reifte in mir [&hellip;]","og_url":"https:\/\/www.michael-krell.com\/de\/los-gehts-mit-dem-training-die-ersten-wochen\/","og_site_name":"Michael Krell Triathlon Coaching","article_published_time":"2009-10-21T04:19:00+00:00","article_modified_time":"2017-04-18T16:51:45+00:00","og_image":[{"url":"http:\/\/4.bp.blogspot.com\/_0j3c4ndfFAY\/St6dVbvWK7I\/AAAAAAAAAfg\/a-vowxP8z-g\/s400\/IMG_4463.JPG"}],"author":"Michael Krell","twitter_card":"summary_large_image","twitter_misc":{"Verfasst von":"Michael Krell","Gesch\u00e4tzte Lesezeit":"3\u00a0Minuten"},"schema":{"@context":"https:\/\/schema.org","@graph":[{"@type":"WebPage","@id":"https:\/\/www.michael-krell.com\/en\/los-gehts-mit-dem-training-die-ersten-wochen\/","url":"https:\/\/www.michael-krell.com\/en\/los-gehts-mit-dem-training-die-ersten-wochen\/","name":"los gehts mit dem Training! - die ersten Wochen... - Michael Krell Triathlon Coaching","isPartOf":{"@id":"https:\/\/www.michael-krell.com\/en\/#website"},"datePublished":"2009-10-21T04:19:00+00:00","dateModified":"2017-04-18T16:51:45+00:00","author":{"@id":"https:\/\/www.michael-krell.com\/en\/#\/schema\/person\/17d0c03cb1e15db7305e41b6170a4237"},"breadcrumb":{"@id":"https:\/\/www.michael-krell.com\/en\/los-gehts-mit-dem-training-die-ersten-wochen\/#breadcrumb"},"inLanguage":"de","potentialAction":[{"@type":"ReadAction","target":["https:\/\/www.michael-krell.com\/en\/los-gehts-mit-dem-training-die-ersten-wochen\/"]}]},{"@type":"BreadcrumbList","@id":"https:\/\/www.michael-krell.com\/en\/los-gehts-mit-dem-training-die-ersten-wochen\/#breadcrumb","itemListElement":[{"@type":"ListItem","position":1,"name":"Startseite","item":"https:\/\/www.michael-krell.com\/en\/"},{"@type":"ListItem","position":2,"name":"los gehts mit dem Training! &#8211; die ersten Wochen&#8230;"}]},{"@type":"WebSite","@id":"https:\/\/www.michael-krell.com\/en\/#website","url":"https:\/\/www.michael-krell.com\/en\/","name":"Michael Krell Triathlon Coaching","description":"","potentialAction":[{"@type":"SearchAction","target":{"@type":"EntryPoint","urlTemplate":"https:\/\/www.michael-krell.com\/en\/?s={search_term_string}"},"query-input":"required name=search_term_string"}],"inLanguage":"de"},{"@type":"Person","@id":"https:\/\/www.michael-krell.com\/en\/#\/schema\/person\/17d0c03cb1e15db7305e41b6170a4237","name":"Michael Krell","image":{"@type":"ImageObject","inLanguage":"de","@id":"https:\/\/www.michael-krell.com\/en\/#\/schema\/person\/image\/","url":"https:\/\/secure.gravatar.com\/avatar\/33e39b9fbaf6777afb9b8559d921c4d22f4fd87cba8562434fa169fa71aeb1b3?s=96&d=mm&r=g","contentUrl":"https:\/\/secure.gravatar.com\/avatar\/33e39b9fbaf6777afb9b8559d921c4d22f4fd87cba8562434fa169fa71aeb1b3?s=96&d=mm&r=g","caption":"Michael Krell"},"url":"https:\/\/www.michael-krell.com\/de\/author\/krelli\/"}]}},"_links":{"self":[{"href":"https:\/\/www.michael-krell.com\/de\/wp-json\/wp\/v2\/posts\/911","targetHints":{"allow":["GET"]}}],"collection":[{"href":"https:\/\/www.michael-krell.com\/de\/wp-json\/wp\/v2\/posts"}],"about":[{"href":"https:\/\/www.michael-krell.com\/de\/wp-json\/wp\/v2\/types\/post"}],"author":[{"embeddable":true,"href":"https:\/\/www.michael-krell.com\/de\/wp-json\/wp\/v2\/users\/2"}],"replies":[{"embeddable":true,"href":"https:\/\/www.michael-krell.com\/de\/wp-json\/wp\/v2\/comments?post=911"}],"version-history":[{"count":1,"href":"https:\/\/www.michael-krell.com\/de\/wp-json\/wp\/v2\/posts\/911\/revisions"}],"predecessor-version":[{"id":4058,"href":"https:\/\/www.michael-krell.com\/de\/wp-json\/wp\/v2\/posts\/911\/revisions\/4058"}],"wp:attachment":[{"href":"https:\/\/www.michael-krell.com\/de\/wp-json\/wp\/v2\/media?parent=911"}],"wp:term":[{"taxonomy":"category","embeddable":true,"href":"https:\/\/www.michael-krell.com\/de\/wp-json\/wp\/v2\/categories?post=911"},{"taxonomy":"post_tag","embeddable":true,"href":"https:\/\/www.michael-krell.com\/de\/wp-json\/wp\/v2\/tags?post=911"}],"curies":[{"name":"wp","href":"https:\/\/api.w.org\/{rel}","templated":true}]}}