{"id":913,"date":"2009-10-14T06:02:00","date_gmt":"2009-10-14T04:02:00","guid":{"rendered":"http:\/\/www.michael-krell.com\/?p=913"},"modified":"2017-05-16T14:55:04","modified_gmt":"2017-05-16T12:55:04","slug":"fotoshoot-bei-schnee-und-regen","status":"publish","type":"post","link":"https:\/\/www.michael-krell.com\/de\/fotoshoot-bei-schnee-und-regen\/","title":{"rendered":"Fotoshoot bei Schnee und Regen!!"},"content":{"rendered":"<p><strong>Arschkalt ist es f\u00fcrs Shooting!!<\/strong> Am Donnerstag hat es sogar geschneit, absolut nix f\u00fcr sonnenverw\u00f6hnte Triathleten \ud83d\ude42 Au\u00dfer Bennie, der ja Finne ist, f\u00fcr ihn scheinen es ideale Temperaturen zu sein um bei 0 Grad mit Shorts und kurzem Laufhemd Technik\u00fcbungen und Sprintbilder am Rothsee zu vollf\u00fchren!!<\/p>\n<p>Lasst euch gesagt sein, Modell stehen ist harte Arbeit!! Beispielsweise stand ich ungef\u00e4hr eine halbe Stunde im Fitnessstudio mit 20kg Langhantelstange auf den Schultern herum, nur weil das perfekte Bild noch nicht drin war. Mir sind fast die Schultern abgefallen \ud83d\ude09<\/p>\n<p>Um einen Leistungsmessung-Bild zu schie\u00dfen, durfte ich mit Atemmaske bei einem 4er Schnitt eine Viertel Stunde auf dem Laufband hecheln&#8230;und ich hatte schon bef\u00fcrchtet dass mein Training drunter leiden k\u00f6nnte&#8230;haha<\/p>\n<p><a href=\"http:\/\/4.bp.blogspot.com\/_0j3c4ndfFAY\/StVp4Y7fJoI\/AAAAAAAAAfI\/lb3xQOk_5pc\/s1600-h\/wanted.jpg\"><img decoding=\"async\" id=\"BLOGGER_PHOTO_ID_5392332546331584130\" style=\"DISPLAY: block; MARGIN: 0px auto 10px; WIDTH: 295px; CURSOR: hand; HEIGHT: 400px; TEXT-ALIGN: center\" alt=\"\" src=\"http:\/\/4.bp.blogspot.com\/_0j3c4ndfFAY\/StVp4Y7fJoI\/AAAAAAAAAfI\/lb3xQOk_5pc\/s400\/wanted.jpg\" border=\"0\" \/><\/a>Hallo zusammen,<\/p>\n<p>1.wenn Bennie nicht so schlank w\u00e4re, k\u00f6nnte man fast meinen da stehen <strong>&#8222;Dick und Doof&#8220;&#8230;<\/strong>haha<br \/>Doof aus dem Grund, da jetzt in den n\u00e4chsten Tagen ein paar Bilder- und Technikserien f\u00fcr unser Buch aufgenommen werden. Daf\u00fcr kommt extra eine Fotografin aus Hamburg zu uns, gegeben dem Fall dass N\u00fcrnberg bis dahin nicht einschneit und von der Au\u00dfenwelt abgeschnitten wird \ud83d\ude09<\/p>\n<p>Aber da m\u00fcssen wir jetzt durch, selbst wenn das Wetter auf gut Deutsch gesagt, beschissen ist. Neben den Technikserien sollen auch noch ein paar Neo-Schwimmbilder mit aufgenommen werden, diese kann dann der Bennie machen :))<br \/>Bei 10 Grad springe ich nicht in den Rothsee!!<\/p>\n<p>Aber witzig wird es allemal, wenn wir da mit kurzem Leibchen und Laufshorts durch die Nadelw\u00e4lder (weil die auch jetzt noch gr\u00fcn sind) rennen und radeln \ud83d\ude09<\/p>\n<p>Zumindestens wei\u00df ich schonmal jetzt vorab, dass mir rot \u00fcberhaupt nicht steht und ihr dementsprechend auch keine solche Bilder von mir im Buch finden werdet&#8230;haha<\/p>\n<p>Ab Dezember gibt es dann auch dieses geheimnisvolle Werk zu kaufen, mit jeder Menge Strategien, Trainingspl\u00e4nen, Tipps und Tricks wie ihr mit eurer beschr\u00e4nkten Zeit das Maximum an Trainings- und Wettkampferfolg herausholen k\u00f6nnt! Nat\u00fcrlich sind aber auch ein paar lustige Geschichten und Anektoden von Bennie zu seinen Zeiten als Profi und mir drin \ud83d\ude42<\/p>\n<p><strong>2.Bei der Stimmvergabe<\/strong> zum sch\u00f6nsten Hawaiibild hatte ich leider aufgrund &#8222;einer&#8220; fehlenden Stimme das Nachsehen und belegte einen guten 2.Platz. Danke nochmal an alle, die f\u00fcr mich geklickt haben!! War es aufgrund von nebul\u00f6sen Praktiken bei der Stimmvergabe \ud83d\ude09 , wie sich einige dachten und mir geschrieben haben, da bin ich ehrlich gesagt \u00fcberfragt.<br \/>Ich gratuliere auf alle F\u00e4lle dem Sieger Thorsten mit seinem coolen Fu\u00dfbild!<\/p>\n<p><strong>3.noch kurz ein paar Worte zu den letzten Wettk\u00e4mpfen<\/strong>, sonst denkt ihr der k\u00fcndigt immer gro\u00df seine Freunde und Bekannten an und dann rei\u00dfen die nix \ud83d\ude09<br \/>B\u00fcrden wir den jungen Wilden mal nicht so viel auf die noch schmalen Schulter auf.<\/p>\n<p>Beim <strong>Challenge Barcelona<\/strong> lag Dorian in aussichtreicher dritter Position bei Laufkilometer 5, ist dann aber bei km 25 ausgestiegen. Jetzt m\u00f6chte ich da nicht tiefer bohren, aber es wird wohl ein Fall des klassischen &#8222;\u00dcberzockens auf dem Rad und in den ersten Laufkilometern&#8220; gewesen sein. Was nicht weiter schlimm its, solange man daraus seine Lehren zieht und es beim n\u00e4chsten Mal besser macht. Es war seine erste Langdistanz!!<\/p>\n<p>Der Frank ist kurz vor <strong>Hawaii <\/strong>krank geworden, hier lag das \u00dcberzocken vielleicht in den letzten Trainingswochen davor. Mit Fieber lag er dann eine Woche auf Kona herum und hat dementsprechend auch kaum essen k\u00f6nnen. Die einzige Sache die man direkt vor einem Ironman nicht machen darf!<br \/>Schon arg geschw\u00e4cht ist er gestartet und nach ein paar Stunden war der Ofen aus!<br \/>Ich kenne das selber damals aus S\u00fcdafrika, als ich zwei Tage vor dem Rennen schlechten Fisch gegessen habe und nur noch auf oder \u00fcber dem Klo hang. Nach Laufkilometer 15 zog bei mir jemand den Stecker und ich konnte nur noch gehen&#8230;<\/p>\n<p>so, das wars erstmal an updates \ud83d\ude42<\/p>\n<p>haut rein<br \/>krelli<\/p>\n<p>P.S: <strong>geile Hawaii-Show am Samstag<\/strong>, bis in den morgen hinein sa\u00dfen wir in Bamberg vor der Leinwand und au\u00dfer mir waren schon fast alle eingeschlafen, als der Andreas Raelert auf dem dritten Platz einlief. Einfach klasse muss ich sagen, zwischendurch war ich schon fast versucht zu glauben dass er das Ding gewinnt!<\/p>\n","protected":false},"excerpt":{"rendered":"<p>Arschkalt ist es f\u00fcrs Shooting!! Am Donnerstag hat es sogar geschneit, absolut nix f\u00fcr sonnenverw\u00f6hnte Triathleten \ud83d\ude42 Au\u00dfer Bennie, der [&hellip;]<\/p>\n","protected":false},"author":2,"featured_media":0,"comment_status":"open","ping_status":"open","sticky":false,"template":"","format":"standard","meta":{"footnotes":""},"categories":[1220],"tags":[],"class_list":["post-913","post","type-post","status-publish","format-standard","hentry","category-privates"],"yoast_head":"<!-- This site is optimized with the Yoast SEO plugin v19.8 - https:\/\/yoast.com\/wordpress\/plugins\/seo\/ -->\n<title>Fotoshoot bei Schnee und Regen!! - Michael Krell Triathlon Coaching<\/title>\n<meta name=\"robots\" content=\"index, follow, max-snippet:-1, max-image-preview:large, max-video-preview:-1\" \/>\n<link rel=\"canonical\" href=\"https:\/\/www.michael-krell.com\/de\/fotoshoot-bei-schnee-und-regen\/\" \/>\n<meta property=\"og:locale\" content=\"de_DE\" \/>\n<meta property=\"og:type\" content=\"article\" \/>\n<meta property=\"og:title\" content=\"Fotoshoot bei Schnee und Regen!! - Michael Krell Triathlon Coaching\" \/>\n<meta property=\"og:description\" content=\"Arschkalt ist es f\u00fcrs Shooting!! Am Donnerstag hat es sogar geschneit, absolut nix f\u00fcr sonnenverw\u00f6hnte Triathleten \ud83d\ude42 Au\u00dfer Bennie, der [&hellip;]\" \/>\n<meta property=\"og:url\" content=\"https:\/\/www.michael-krell.com\/de\/fotoshoot-bei-schnee-und-regen\/\" \/>\n<meta property=\"og:site_name\" content=\"Michael Krell Triathlon Coaching\" \/>\n<meta property=\"article:published_time\" content=\"2009-10-14T04:02:00+00:00\" \/>\n<meta property=\"article:modified_time\" content=\"2017-05-16T12:55:04+00:00\" \/>\n<meta property=\"og:image\" content=\"http:\/\/4.bp.blogspot.com\/_0j3c4ndfFAY\/StVp4Y7fJoI\/AAAAAAAAAfI\/lb3xQOk_5pc\/s400\/wanted.jpg\" \/>\n<meta name=\"author\" content=\"Michael Krell\" \/>\n<meta name=\"twitter:card\" content=\"summary_large_image\" \/>\n<meta name=\"twitter:label1\" content=\"Verfasst von\" \/>\n\t<meta name=\"twitter:data1\" content=\"Michael Krell\" \/>\n\t<meta name=\"twitter:label2\" content=\"Gesch\u00e4tzte Lesezeit\" \/>\n\t<meta name=\"twitter:data2\" content=\"3\u00a0Minuten\" \/>\n<script type=\"application\/ld+json\" class=\"yoast-schema-graph\">{\"@context\":\"https:\/\/schema.org\",\"@graph\":[{\"@type\":\"WebPage\",\"@id\":\"https:\/\/www.michael-krell.com\/en\/fotoshoot-bei-schnee-und-regen\/\",\"url\":\"https:\/\/www.michael-krell.com\/en\/fotoshoot-bei-schnee-und-regen\/\",\"name\":\"Fotoshoot bei Schnee und Regen!! - Michael Krell Triathlon Coaching\",\"isPartOf\":{\"@id\":\"https:\/\/www.michael-krell.com\/en\/#website\"},\"datePublished\":\"2009-10-14T04:02:00+00:00\",\"dateModified\":\"2017-05-16T12:55:04+00:00\",\"author\":{\"@id\":\"https:\/\/www.michael-krell.com\/en\/#\/schema\/person\/17d0c03cb1e15db7305e41b6170a4237\"},\"breadcrumb\":{\"@id\":\"https:\/\/www.michael-krell.com\/en\/fotoshoot-bei-schnee-und-regen\/#breadcrumb\"},\"inLanguage\":\"de\",\"potentialAction\":[{\"@type\":\"ReadAction\",\"target\":[\"https:\/\/www.michael-krell.com\/en\/fotoshoot-bei-schnee-und-regen\/\"]}]},{\"@type\":\"BreadcrumbList\",\"@id\":\"https:\/\/www.michael-krell.com\/en\/fotoshoot-bei-schnee-und-regen\/#breadcrumb\",\"itemListElement\":[{\"@type\":\"ListItem\",\"position\":1,\"name\":\"Startseite\",\"item\":\"https:\/\/www.michael-krell.com\/en\/\"},{\"@type\":\"ListItem\",\"position\":2,\"name\":\"Fotoshoot bei Schnee und Regen!!\"}]},{\"@type\":\"WebSite\",\"@id\":\"https:\/\/www.michael-krell.com\/en\/#website\",\"url\":\"https:\/\/www.michael-krell.com\/en\/\",\"name\":\"Michael Krell Triathlon Coaching\",\"description\":\"\",\"potentialAction\":[{\"@type\":\"SearchAction\",\"target\":{\"@type\":\"EntryPoint\",\"urlTemplate\":\"https:\/\/www.michael-krell.com\/en\/?s={search_term_string}\"},\"query-input\":\"required name=search_term_string\"}],\"inLanguage\":\"de\"},{\"@type\":\"Person\",\"@id\":\"https:\/\/www.michael-krell.com\/en\/#\/schema\/person\/17d0c03cb1e15db7305e41b6170a4237\",\"name\":\"Michael Krell\",\"image\":{\"@type\":\"ImageObject\",\"inLanguage\":\"de\",\"@id\":\"https:\/\/www.michael-krell.com\/en\/#\/schema\/person\/image\/\",\"url\":\"https:\/\/secure.gravatar.com\/avatar\/33e39b9fbaf6777afb9b8559d921c4d22f4fd87cba8562434fa169fa71aeb1b3?s=96&d=mm&r=g\",\"contentUrl\":\"https:\/\/secure.gravatar.com\/avatar\/33e39b9fbaf6777afb9b8559d921c4d22f4fd87cba8562434fa169fa71aeb1b3?s=96&d=mm&r=g\",\"caption\":\"Michael Krell\"},\"url\":\"https:\/\/www.michael-krell.com\/de\/author\/krelli\/\"}]}<\/script>\n<!-- \/ Yoast SEO plugin. -->","yoast_head_json":{"title":"Fotoshoot bei Schnee und Regen!! - Michael Krell Triathlon Coaching","robots":{"index":"index","follow":"follow","max-snippet":"max-snippet:-1","max-image-preview":"max-image-preview:large","max-video-preview":"max-video-preview:-1"},"canonical":"https:\/\/www.michael-krell.com\/de\/fotoshoot-bei-schnee-und-regen\/","og_locale":"de_DE","og_type":"article","og_title":"Fotoshoot bei Schnee und Regen!! - Michael Krell Triathlon Coaching","og_description":"Arschkalt ist es f\u00fcrs Shooting!! Am Donnerstag hat es sogar geschneit, absolut nix f\u00fcr sonnenverw\u00f6hnte Triathleten \ud83d\ude42 Au\u00dfer Bennie, der [&hellip;]","og_url":"https:\/\/www.michael-krell.com\/de\/fotoshoot-bei-schnee-und-regen\/","og_site_name":"Michael Krell Triathlon Coaching","article_published_time":"2009-10-14T04:02:00+00:00","article_modified_time":"2017-05-16T12:55:04+00:00","og_image":[{"url":"http:\/\/4.bp.blogspot.com\/_0j3c4ndfFAY\/StVp4Y7fJoI\/AAAAAAAAAfI\/lb3xQOk_5pc\/s400\/wanted.jpg"}],"author":"Michael Krell","twitter_card":"summary_large_image","twitter_misc":{"Verfasst von":"Michael Krell","Gesch\u00e4tzte Lesezeit":"3\u00a0Minuten"},"schema":{"@context":"https:\/\/schema.org","@graph":[{"@type":"WebPage","@id":"https:\/\/www.michael-krell.com\/en\/fotoshoot-bei-schnee-und-regen\/","url":"https:\/\/www.michael-krell.com\/en\/fotoshoot-bei-schnee-und-regen\/","name":"Fotoshoot bei Schnee und Regen!! - Michael Krell Triathlon Coaching","isPartOf":{"@id":"https:\/\/www.michael-krell.com\/en\/#website"},"datePublished":"2009-10-14T04:02:00+00:00","dateModified":"2017-05-16T12:55:04+00:00","author":{"@id":"https:\/\/www.michael-krell.com\/en\/#\/schema\/person\/17d0c03cb1e15db7305e41b6170a4237"},"breadcrumb":{"@id":"https:\/\/www.michael-krell.com\/en\/fotoshoot-bei-schnee-und-regen\/#breadcrumb"},"inLanguage":"de","potentialAction":[{"@type":"ReadAction","target":["https:\/\/www.michael-krell.com\/en\/fotoshoot-bei-schnee-und-regen\/"]}]},{"@type":"BreadcrumbList","@id":"https:\/\/www.michael-krell.com\/en\/fotoshoot-bei-schnee-und-regen\/#breadcrumb","itemListElement":[{"@type":"ListItem","position":1,"name":"Startseite","item":"https:\/\/www.michael-krell.com\/en\/"},{"@type":"ListItem","position":2,"name":"Fotoshoot bei Schnee und Regen!!"}]},{"@type":"WebSite","@id":"https:\/\/www.michael-krell.com\/en\/#website","url":"https:\/\/www.michael-krell.com\/en\/","name":"Michael Krell Triathlon Coaching","description":"","potentialAction":[{"@type":"SearchAction","target":{"@type":"EntryPoint","urlTemplate":"https:\/\/www.michael-krell.com\/en\/?s={search_term_string}"},"query-input":"required name=search_term_string"}],"inLanguage":"de"},{"@type":"Person","@id":"https:\/\/www.michael-krell.com\/en\/#\/schema\/person\/17d0c03cb1e15db7305e41b6170a4237","name":"Michael Krell","image":{"@type":"ImageObject","inLanguage":"de","@id":"https:\/\/www.michael-krell.com\/en\/#\/schema\/person\/image\/","url":"https:\/\/secure.gravatar.com\/avatar\/33e39b9fbaf6777afb9b8559d921c4d22f4fd87cba8562434fa169fa71aeb1b3?s=96&d=mm&r=g","contentUrl":"https:\/\/secure.gravatar.com\/avatar\/33e39b9fbaf6777afb9b8559d921c4d22f4fd87cba8562434fa169fa71aeb1b3?s=96&d=mm&r=g","caption":"Michael Krell"},"url":"https:\/\/www.michael-krell.com\/de\/author\/krelli\/"}]}},"_links":{"self":[{"href":"https:\/\/www.michael-krell.com\/de\/wp-json\/wp\/v2\/posts\/913","targetHints":{"allow":["GET"]}}],"collection":[{"href":"https:\/\/www.michael-krell.com\/de\/wp-json\/wp\/v2\/posts"}],"about":[{"href":"https:\/\/www.michael-krell.com\/de\/wp-json\/wp\/v2\/types\/post"}],"author":[{"embeddable":true,"href":"https:\/\/www.michael-krell.com\/de\/wp-json\/wp\/v2\/users\/2"}],"replies":[{"embeddable":true,"href":"https:\/\/www.michael-krell.com\/de\/wp-json\/wp\/v2\/comments?post=913"}],"version-history":[{"count":1,"href":"https:\/\/www.michael-krell.com\/de\/wp-json\/wp\/v2\/posts\/913\/revisions"}],"predecessor-version":[{"id":4260,"href":"https:\/\/www.michael-krell.com\/de\/wp-json\/wp\/v2\/posts\/913\/revisions\/4260"}],"wp:attachment":[{"href":"https:\/\/www.michael-krell.com\/de\/wp-json\/wp\/v2\/media?parent=913"}],"wp:term":[{"taxonomy":"category","embeddable":true,"href":"https:\/\/www.michael-krell.com\/de\/wp-json\/wp\/v2\/categories?post=913"},{"taxonomy":"post_tag","embeddable":true,"href":"https:\/\/www.michael-krell.com\/de\/wp-json\/wp\/v2\/tags?post=913"}],"curies":[{"name":"wp","href":"https:\/\/api.w.org\/{rel}","templated":true}]}}