{"id":920,"date":"2009-09-20T19:22:00","date_gmt":"2009-09-20T17:22:00","guid":{"rendered":"http:\/\/www.michael-krell.com\/?p=920"},"modified":"2017-04-18T18:53:06","modified_gmt":"2017-04-18T16:53:06","slug":"feiern-klettergarten-und-schreiben","status":"publish","type":"post","link":"https:\/\/www.michael-krell.com\/de\/feiern-klettergarten-und-schreiben\/","title":{"rendered":"Feiern, Klettergarten und schreiben&#8230;"},"content":{"rendered":"<p><a href=\"http:\/\/4.bp.blogspot.com\/_0j3c4ndfFAY\/SrZlV87M_oI\/AAAAAAAAAcw\/Qes2y8EQgiw\/s1600-h\/banzBild.jpg\"><img decoding=\"async\" id=\"BLOGGER_PHOTO_ID_5383601832374107778\" style=\"display: block; margin: 0px auto 10px; width: 300px; cursor: hand; height: 400px; text-align: center;\" src=\"http:\/\/4.bp.blogspot.com\/_0j3c4ndfFAY\/SrZlV87M_oI\/AAAAAAAAAcw\/Qes2y8EQgiw\/s400\/banzBild.jpg\" alt=\"\" border=\"0\" \/><\/a><\/p>\n<div>\n<div>\n<div>&#8230;so ungef\u00e4hr sahen meine letzten Tage aus.<\/div>\n<div>Die letzten Abende am Freitag und Samstag verbrachte ich auf dem Lichtenfelser Korbmarkt, dem gr\u00f6\u00dften Fest der Region. Obwohl der Name doch wenig spannend klingt, \u201efliegt da die Kuh!\u201c \ud83d\ude42 Ausger\u00fcstet mit dem geliehenen Kinderwagen von Judith und Tobi bahnten wir uns den Weg durch die Massen. Trotz 150 Dezibels schlief die Kleine wie ein Stein und wir konnten in das Tragenetz des Wagens unsere leeren Bierkr\u00fcge parken.<\/div>\n<div><\/div>\n<p><img decoding=\"async\" id=\"BLOGGER_PHOTO_ID_5383848336565548898\" style=\"display: block; margin: 0px auto 10px; width: 400px; cursor: hand; height: 300px; text-align: center;\" src=\"http:\/\/4.bp.blogspot.com\/_0j3c4ndfFAY\/SrdFiYmRN2I\/AAAAAAAAAdI\/77GYGYfLsD4\/s400\/IMGP4142.JPG\" alt=\"\" border=\"0\" \/><br \/>\nNach einer heftig durchzechten Nacht begab ich mich dann am Samstag mit meinem neuen Zweitliga Team ASC Kronach und den Jungs in den Klettergarten auf Kloster Banz. Ein ziemlich gro\u00dfes Areal das einem das F\u00fcrchten lehrt. Obwohl ich fr\u00fcher Skispringer war und gedacht habe das H\u00f6henangst nichts ist, was mich aus dem Konzept bringt, so stand ich doch mit wackeligen Knien in 10 Metern H\u00f6he auf den Baumgipfeln und hielt mich wie ein Ertrinkender am baumelnden Seil fest \ud83d\ude09<\/p>\n<p>Ein saucooles Erlebnis das jeder mal machen sollte, ein Spielplatz f\u00fcr Erwachsene!! Tags\u00fcber schrieb ich weiter wie ein Weltmeister, mit den Trainingskapiteln sind wir nun durch. Dazu kommen noch die unterschiedlichen Trainingspl\u00e4ne und Wettkampftipps und dann d\u00fcrften wir uns langsam dem Ende n\u00e4hern. Darauf wird dann im Oktober kr\u00e4ftig angesto\u00dfen.<\/p>\n<p>Das mit dem Kapiteln \u00fcber Sport im Arbeitsalltag habe ich nicht vergessen und werde hier noch Einiges ver\u00f6ffentlichen, allerdings habe ich bisher noch nicht die n\u00f6tige Zeit gehabt. Nachdem wir den Text an den Verlag gegeben haben, wird sich das aber \u00e4ndern!<\/p>\n<div><\/div>\n<p><img decoding=\"async\" id=\"BLOGGER_PHOTO_ID_5383608616074033922\" style=\"display: block; margin: 0px auto 10px; width: 400px; cursor: hand; height: 252px; text-align: center;\" src=\"http:\/\/3.bp.blogspot.com\/_0j3c4ndfFAY\/SrZrg0LTOwI\/AAAAAAAAAdA\/h4yiYIqVNpE\/s400\/schuss.jpg\" alt=\"\" border=\"0\" \/><\/p>\n<div><strong>Biathlon in Eckersm\u00fchlen<\/strong><\/div>\n<div>N\u00e4chsten Samstag gehen Bennie, Steffen und ich bei einem echt witzigen Event an den Start. Biathlon &#8211; bestehend aus Laufen und Schie\u00dfen! Von jedem wird dabei drei Mal ein 1100m langer Parkour gelaufen und dazwischen liegend 5 Schuss mit dem Gewehr abgegeben. F\u00fcr jeden Fehlschuss m\u00fcssen 300m extra gelaufen werden. Hat man das Ganze dreimal beendet, gibt man an den n\u00e4chsten im Team weiter. Das Geheimnis ist die ersten 1000m Vollgas zu rennen, aber bei den letzten 100m den Puls wieder etwas herunter zu bekommen um nicht mit zitternden H\u00e4nden und bebendem Atem am Gewehr zu liegen.<\/div>\n<div>W\u00e4hrend Bennie beim finnischen Milit\u00e4r Scharfsch\u00fctze war und Steffen amtierender &#8222;Sch\u00fctzenk\u00f6nig&#8220; ist, werde ich voraussichtlich f\u00fcr die extra Laufrunden sorgen \ud83d\ude42 Ich hoffe nur dass die Zielscheiben nicht ganz so klein sind wie beim richtigen Biathlon auf der Loipe. F\u00fcr den Fall renne ich einfach 3x 2600m ohne auf dem Schie\u00dfstand anzuhalten \ud83d\ude42<\/div>\n<div><strong><br \/>\nJugend-Nachwuchsfahrer gesucht<\/strong><\/div>\n<div>Der VFR Herpersdorf veranstaltet ein Sichtungswettkampf f\u00fcr Radsportbegeisterte Jugendliche von 9-14 Jahren an. Das &#8218;Schnupper&#8216;-Radrennen findet am 27.09.09 auf dem Parkplatz Kaufland Gro\u00dfschwarzenlohe statt, Uhrzeit 15:30 Uhr. Kein Startgeld.<\/div>\n<div>Einige werden darauf in den Genuss des Nachwuchsprogamms kommen. Wenn ihr also den k\u00fcnftigen Jan Ullrich im Kinderzimmer habt und er\/sie den ganzen Tag nur Playstation spielt, dann aber ab!!<\/div>\n<div>Haut rein!<br \/>\nkrelli<\/div>\n<\/div>\n<\/div>\n","protected":false},"excerpt":{"rendered":"<p>&#8230;so ungef\u00e4hr sahen meine letzten Tage aus. Die letzten Abende am Freitag und Samstag verbrachte ich auf dem Lichtenfelser Korbmarkt, [&hellip;]<\/p>\n","protected":false},"author":2,"featured_media":0,"comment_status":"open","ping_status":"open","sticky":false,"template":"","format":"standard","meta":{"footnotes":""},"categories":[1220],"tags":[],"class_list":["post-920","post","type-post","status-publish","format-standard","hentry","category-privates"],"yoast_head":"<!-- This site is optimized with the Yoast SEO plugin v19.8 - https:\/\/yoast.com\/wordpress\/plugins\/seo\/ -->\n<title>Feiern, Klettergarten und schreiben... - Michael Krell Triathlon Coaching<\/title>\n<meta name=\"robots\" content=\"index, follow, max-snippet:-1, max-image-preview:large, max-video-preview:-1\" \/>\n<link rel=\"canonical\" href=\"https:\/\/www.michael-krell.com\/de\/feiern-klettergarten-und-schreiben\/\" \/>\n<meta property=\"og:locale\" content=\"de_DE\" \/>\n<meta property=\"og:type\" content=\"article\" \/>\n<meta property=\"og:title\" content=\"Feiern, Klettergarten und schreiben... - Michael Krell Triathlon Coaching\" \/>\n<meta property=\"og:description\" content=\"&#8230;so ungef\u00e4hr sahen meine letzten Tage aus. Die letzten Abende am Freitag und Samstag verbrachte ich auf dem Lichtenfelser Korbmarkt, [&hellip;]\" \/>\n<meta property=\"og:url\" content=\"https:\/\/www.michael-krell.com\/de\/feiern-klettergarten-und-schreiben\/\" \/>\n<meta property=\"og:site_name\" content=\"Michael Krell Triathlon Coaching\" \/>\n<meta property=\"article:published_time\" content=\"2009-09-20T17:22:00+00:00\" \/>\n<meta property=\"article:modified_time\" content=\"2017-04-18T16:53:06+00:00\" \/>\n<meta property=\"og:image\" content=\"http:\/\/4.bp.blogspot.com\/_0j3c4ndfFAY\/SrZlV87M_oI\/AAAAAAAAAcw\/Qes2y8EQgiw\/s400\/banzBild.jpg\" \/>\n<meta name=\"author\" content=\"Michael Krell\" \/>\n<meta name=\"twitter:card\" content=\"summary_large_image\" \/>\n<meta name=\"twitter:label1\" content=\"Verfasst von\" \/>\n\t<meta name=\"twitter:data1\" content=\"Michael Krell\" \/>\n\t<meta name=\"twitter:label2\" content=\"Gesch\u00e4tzte Lesezeit\" \/>\n\t<meta name=\"twitter:data2\" content=\"2\u00a0Minuten\" \/>\n<script type=\"application\/ld+json\" class=\"yoast-schema-graph\">{\"@context\":\"https:\/\/schema.org\",\"@graph\":[{\"@type\":\"WebPage\",\"@id\":\"https:\/\/www.michael-krell.com\/de\/feiern-klettergarten-und-schreiben\/\",\"url\":\"https:\/\/www.michael-krell.com\/de\/feiern-klettergarten-und-schreiben\/\",\"name\":\"Feiern, Klettergarten und schreiben... - Michael Krell Triathlon Coaching\",\"isPartOf\":{\"@id\":\"https:\/\/www.michael-krell.com\/en\/#website\"},\"datePublished\":\"2009-09-20T17:22:00+00:00\",\"dateModified\":\"2017-04-18T16:53:06+00:00\",\"author\":{\"@id\":\"https:\/\/www.michael-krell.com\/en\/#\/schema\/person\/17d0c03cb1e15db7305e41b6170a4237\"},\"breadcrumb\":{\"@id\":\"https:\/\/www.michael-krell.com\/de\/feiern-klettergarten-und-schreiben\/#breadcrumb\"},\"inLanguage\":\"de\",\"potentialAction\":[{\"@type\":\"ReadAction\",\"target\":[\"https:\/\/www.michael-krell.com\/de\/feiern-klettergarten-und-schreiben\/\"]}]},{\"@type\":\"BreadcrumbList\",\"@id\":\"https:\/\/www.michael-krell.com\/de\/feiern-klettergarten-und-schreiben\/#breadcrumb\",\"itemListElement\":[{\"@type\":\"ListItem\",\"position\":1,\"name\":\"Startseite\",\"item\":\"https:\/\/www.michael-krell.com\/en\/\"},{\"@type\":\"ListItem\",\"position\":2,\"name\":\"Feiern, Klettergarten und schreiben&#8230;\"}]},{\"@type\":\"WebSite\",\"@id\":\"https:\/\/www.michael-krell.com\/en\/#website\",\"url\":\"https:\/\/www.michael-krell.com\/en\/\",\"name\":\"Michael Krell Triathlon Coaching\",\"description\":\"\",\"potentialAction\":[{\"@type\":\"SearchAction\",\"target\":{\"@type\":\"EntryPoint\",\"urlTemplate\":\"https:\/\/www.michael-krell.com\/en\/?s={search_term_string}\"},\"query-input\":\"required name=search_term_string\"}],\"inLanguage\":\"de\"},{\"@type\":\"Person\",\"@id\":\"https:\/\/www.michael-krell.com\/en\/#\/schema\/person\/17d0c03cb1e15db7305e41b6170a4237\",\"name\":\"Michael Krell\",\"image\":{\"@type\":\"ImageObject\",\"inLanguage\":\"de\",\"@id\":\"https:\/\/www.michael-krell.com\/en\/#\/schema\/person\/image\/\",\"url\":\"https:\/\/secure.gravatar.com\/avatar\/33e39b9fbaf6777afb9b8559d921c4d22f4fd87cba8562434fa169fa71aeb1b3?s=96&d=mm&r=g\",\"contentUrl\":\"https:\/\/secure.gravatar.com\/avatar\/33e39b9fbaf6777afb9b8559d921c4d22f4fd87cba8562434fa169fa71aeb1b3?s=96&d=mm&r=g\",\"caption\":\"Michael Krell\"},\"url\":\"https:\/\/www.michael-krell.com\/de\/author\/krelli\/\"}]}<\/script>\n<!-- \/ Yoast SEO plugin. -->","yoast_head_json":{"title":"Feiern, Klettergarten und schreiben... - Michael Krell Triathlon Coaching","robots":{"index":"index","follow":"follow","max-snippet":"max-snippet:-1","max-image-preview":"max-image-preview:large","max-video-preview":"max-video-preview:-1"},"canonical":"https:\/\/www.michael-krell.com\/de\/feiern-klettergarten-und-schreiben\/","og_locale":"de_DE","og_type":"article","og_title":"Feiern, Klettergarten und schreiben... - Michael Krell Triathlon Coaching","og_description":"&#8230;so ungef\u00e4hr sahen meine letzten Tage aus. Die letzten Abende am Freitag und Samstag verbrachte ich auf dem Lichtenfelser Korbmarkt, [&hellip;]","og_url":"https:\/\/www.michael-krell.com\/de\/feiern-klettergarten-und-schreiben\/","og_site_name":"Michael Krell Triathlon Coaching","article_published_time":"2009-09-20T17:22:00+00:00","article_modified_time":"2017-04-18T16:53:06+00:00","og_image":[{"url":"http:\/\/4.bp.blogspot.com\/_0j3c4ndfFAY\/SrZlV87M_oI\/AAAAAAAAAcw\/Qes2y8EQgiw\/s400\/banzBild.jpg"}],"author":"Michael Krell","twitter_card":"summary_large_image","twitter_misc":{"Verfasst von":"Michael Krell","Gesch\u00e4tzte Lesezeit":"2\u00a0Minuten"},"schema":{"@context":"https:\/\/schema.org","@graph":[{"@type":"WebPage","@id":"https:\/\/www.michael-krell.com\/de\/feiern-klettergarten-und-schreiben\/","url":"https:\/\/www.michael-krell.com\/de\/feiern-klettergarten-und-schreiben\/","name":"Feiern, Klettergarten und schreiben... - Michael Krell Triathlon Coaching","isPartOf":{"@id":"https:\/\/www.michael-krell.com\/en\/#website"},"datePublished":"2009-09-20T17:22:00+00:00","dateModified":"2017-04-18T16:53:06+00:00","author":{"@id":"https:\/\/www.michael-krell.com\/en\/#\/schema\/person\/17d0c03cb1e15db7305e41b6170a4237"},"breadcrumb":{"@id":"https:\/\/www.michael-krell.com\/de\/feiern-klettergarten-und-schreiben\/#breadcrumb"},"inLanguage":"de","potentialAction":[{"@type":"ReadAction","target":["https:\/\/www.michael-krell.com\/de\/feiern-klettergarten-und-schreiben\/"]}]},{"@type":"BreadcrumbList","@id":"https:\/\/www.michael-krell.com\/de\/feiern-klettergarten-und-schreiben\/#breadcrumb","itemListElement":[{"@type":"ListItem","position":1,"name":"Startseite","item":"https:\/\/www.michael-krell.com\/en\/"},{"@type":"ListItem","position":2,"name":"Feiern, Klettergarten und schreiben&#8230;"}]},{"@type":"WebSite","@id":"https:\/\/www.michael-krell.com\/en\/#website","url":"https:\/\/www.michael-krell.com\/en\/","name":"Michael Krell Triathlon Coaching","description":"","potentialAction":[{"@type":"SearchAction","target":{"@type":"EntryPoint","urlTemplate":"https:\/\/www.michael-krell.com\/en\/?s={search_term_string}"},"query-input":"required name=search_term_string"}],"inLanguage":"de"},{"@type":"Person","@id":"https:\/\/www.michael-krell.com\/en\/#\/schema\/person\/17d0c03cb1e15db7305e41b6170a4237","name":"Michael Krell","image":{"@type":"ImageObject","inLanguage":"de","@id":"https:\/\/www.michael-krell.com\/en\/#\/schema\/person\/image\/","url":"https:\/\/secure.gravatar.com\/avatar\/33e39b9fbaf6777afb9b8559d921c4d22f4fd87cba8562434fa169fa71aeb1b3?s=96&d=mm&r=g","contentUrl":"https:\/\/secure.gravatar.com\/avatar\/33e39b9fbaf6777afb9b8559d921c4d22f4fd87cba8562434fa169fa71aeb1b3?s=96&d=mm&r=g","caption":"Michael Krell"},"url":"https:\/\/www.michael-krell.com\/de\/author\/krelli\/"}]}},"_links":{"self":[{"href":"https:\/\/www.michael-krell.com\/de\/wp-json\/wp\/v2\/posts\/920","targetHints":{"allow":["GET"]}}],"collection":[{"href":"https:\/\/www.michael-krell.com\/de\/wp-json\/wp\/v2\/posts"}],"about":[{"href":"https:\/\/www.michael-krell.com\/de\/wp-json\/wp\/v2\/types\/post"}],"author":[{"embeddable":true,"href":"https:\/\/www.michael-krell.com\/de\/wp-json\/wp\/v2\/users\/2"}],"replies":[{"embeddable":true,"href":"https:\/\/www.michael-krell.com\/de\/wp-json\/wp\/v2\/comments?post=920"}],"version-history":[{"count":2,"href":"https:\/\/www.michael-krell.com\/de\/wp-json\/wp\/v2\/posts\/920\/revisions"}],"predecessor-version":[{"id":4061,"href":"https:\/\/www.michael-krell.com\/de\/wp-json\/wp\/v2\/posts\/920\/revisions\/4061"}],"wp:attachment":[{"href":"https:\/\/www.michael-krell.com\/de\/wp-json\/wp\/v2\/media?parent=920"}],"wp:term":[{"taxonomy":"category","embeddable":true,"href":"https:\/\/www.michael-krell.com\/de\/wp-json\/wp\/v2\/categories?post=920"},{"taxonomy":"post_tag","embeddable":true,"href":"https:\/\/www.michael-krell.com\/de\/wp-json\/wp\/v2\/tags?post=920"}],"curies":[{"name":"wp","href":"https:\/\/api.w.org\/{rel}","templated":true}]}}