{"id":923,"date":"2009-09-11T18:00:00","date_gmt":"2009-09-11T16:00:00","guid":{"rendered":"http:\/\/www.michael-krell.com\/?p=923"},"modified":"2017-05-16T14:56:00","modified_gmt":"2017-05-16T12:56:00","slug":"thorsten-in-wisconsin-und-die-anderen-events-am-wochenende","status":"publish","type":"post","link":"https:\/\/www.michael-krell.com\/de\/thorsten-in-wisconsin-und-die-anderen-events-am-wochenende\/","title":{"rendered":"Thorsten in Wisconsin&#8230;und die anderen Events am Wochenende"},"content":{"rendered":"<p><a href=\"http:\/\/1.bp.blogspot.com\/_0j3c4ndfFAY\/Sqp115YZPdI\/AAAAAAAAAcA\/kjGzXMr5Z3g\/s1600-h\/DSC_2481.JPG\"><img decoding=\"async\" alt=\"\" border=\"0\" id=\"BLOGGER_PHOTO_ID_5380242273644133842\" src=\"http:\/\/1.bp.blogspot.com\/_0j3c4ndfFAY\/Sqp115YZPdI\/AAAAAAAAAcA\/kjGzXMr5Z3g\/s400\/DSC_2481.JPG\" style=\"display: block; height: 266px; margin: 0px auto 10px; text-align: center; width: 400px;\" \/><\/a><br \/>++++update++++<br \/><b><\/b><br \/><b>Wisconsin<\/b><br \/>neben dem Kanzlerduell gestern, habe ich die ganze Zeit den Ticker aus Wisconsin laufen lassen:<br \/>Thorsten ist auf dem 17.Gesamtrang eingelaufen, mit einer Zeit von 9:33 war er zweiter seiner Altersklasse und hat damit locker die Quali f\u00fcr Hawaii geholt. An dieser Stelle meine Gl\u00fcckw\u00fcnsche und alle H\u00fcte ab!!!!!<\/p>\n<p>Seine Frau Denise ist auch gestartet und das ohne mir vorher Bescheid zu geben! Ich staunte nicht schlecht als ich sie pl\u00f6tzlich auch im Ticker auftauchte. Gleich f\u00fcr das erste Mal eine solche Hammerstrecke, auch hier mein vollster Respekt!<\/p>\n<p><b>Crosstriathlon<\/b><br \/>Steffen, Florian und ich haben den gestrigen Crosstriathlon \u00fcberlebt, soviel steht fest. Ein saucooles Event, dass sicherlich mehr Starter verdient gehabt h\u00e4tte. So sind allerdings unsere Preise gr\u00f6\u00dfer ausgefallen&#8230;hehe<br \/>Und das obwohl ich laut &#8222;offizieller&#8220; Zeitnahme 8er wurde, von 11 Teilnehmern. Dazu allerdings sp\u00e4ter mehr, werde dar\u00fcber mal einen blog auf tri-mag schreiben \ud83d\ude09<\/p>\n<p>sch\u00f6nes Montag!<br \/>krelli<\/p>\n<p>++++hier zum alten Text++++<\/p>\n<p>Halloha,<\/p>\n<div><b><br \/>Ironman Wisconsin<\/b><\/div>\n<div>bei meinen Kumpel Thorsten (Eckert) geht es am Sonntag beim Ironman Wisconsin um die Hawaii-Quali f\u00fcr n\u00e4chstes Jahr! Au\u00dfer ihm selber, w\u00fcsste ich nicht wer ihm da im Weg stehen sollte. Er hat noch super trainiert die letzte Zeit und ist beim Challenge Roth im Juli mit einer Bombenzeit von 8:39Std. eingelaufen.<\/div>\n<p><\/p>\n<div>Thorsten startet in der AK 30 und das Rennen startet gegen nachmittag unserer Zeit am Sonntag. Also dr\u00fcckt ihm alle kr\u00e4ftig die Daumen!!! Mit Prognosen halte ich mich jetzt erst einmal zur\u00fcck, das mag er nicht so \ud83d\ude42<br \/>Wer ihm noch Gl\u00fcck und Erfolg w\u00fcnschen m\u00f6chte, geht einfach hier drauf und schreibt einen Kommentar auf seine Seite: <a href=\"http:\/\/www.thorsten-eckert.blogspot.com\/\">http:\/\/www.thorsten-eckert.blogspot.com\/<\/a> Da freut er sich!! &#8230;und sagt einen sch\u00f6nen Gru\u00df von mir \ud83d\ude42<\/div>\n<p><\/p>\n<div><\/div>\n<div><b>ITU Finale Gold Coast<\/b><\/div>\n<div>Nicht vergessen, morgen fr\u00fch (Samstag) um 6:30Uhr \u00fcbertr\u00e4gt das ZDF das M\u00e4nnerfinale live aus Australien Gold Coast!! Eine Zusammenfassung gibt es dann auch sp\u00e4ter ab 22Uhr im ZDF Sportstudio im TV.<\/div>\n<p><\/p>\n<div><\/div>\n<div><b>Crosstriathlon Baggerloch<\/b><\/div>\n<div>So&#8230;und nach diesen Events zum Warmwerden steigt das gro\u00dfe Finale am Sonntag beim Baggerloch Crosstriathlon irgendwo in der Pampa bei Roth. Dort werden Steffen, Florian und ich am Sonntag vormittag den todesmutigen Parkour quer durch die Sandgrube absolvieren. Wer noch mitmachen oder zuschauen m\u00f6chte, die genauen Infos gibt es zwei Beitr\u00e4ge weiter unten \ud83d\ude09<\/div>\n<div><\/div>\n<p>sch\u00f6nes Wochenende!<\/p>\n<div>krelli <\/div>\n","protected":false},"excerpt":{"rendered":"<p>++++update++++Wisconsinneben dem Kanzlerduell gestern, habe ich die ganze Zeit den Ticker aus Wisconsin laufen lassen:Thorsten ist auf dem 17.Gesamtrang eingelaufen, [&hellip;]<\/p>\n","protected":false},"author":2,"featured_media":0,"comment_status":"open","ping_status":"open","sticky":false,"template":"","format":"standard","meta":{"footnotes":""},"categories":[1220],"tags":[],"class_list":["post-923","post","type-post","status-publish","format-standard","hentry","category-privates"],"yoast_head":"<!-- This site is optimized with the Yoast SEO plugin v19.8 - https:\/\/yoast.com\/wordpress\/plugins\/seo\/ -->\n<title>Thorsten in Wisconsin...und die anderen Events am Wochenende - Michael Krell Triathlon Coaching<\/title>\n<meta name=\"robots\" content=\"index, follow, max-snippet:-1, max-image-preview:large, max-video-preview:-1\" \/>\n<link rel=\"canonical\" href=\"https:\/\/www.michael-krell.com\/de\/thorsten-in-wisconsin-und-die-anderen-events-am-wochenende\/\" \/>\n<meta property=\"og:locale\" content=\"de_DE\" \/>\n<meta property=\"og:type\" content=\"article\" \/>\n<meta property=\"og:title\" content=\"Thorsten in Wisconsin...und die anderen Events am Wochenende - Michael Krell Triathlon Coaching\" \/>\n<meta property=\"og:description\" content=\"++++update++++Wisconsinneben dem Kanzlerduell gestern, habe ich die ganze Zeit den Ticker aus Wisconsin laufen lassen:Thorsten ist auf dem 17.Gesamtrang eingelaufen, [&hellip;]\" \/>\n<meta property=\"og:url\" content=\"https:\/\/www.michael-krell.com\/de\/thorsten-in-wisconsin-und-die-anderen-events-am-wochenende\/\" \/>\n<meta property=\"og:site_name\" content=\"Michael Krell Triathlon Coaching\" \/>\n<meta property=\"article:published_time\" content=\"2009-09-11T16:00:00+00:00\" \/>\n<meta property=\"article:modified_time\" content=\"2017-05-16T12:56:00+00:00\" \/>\n<meta property=\"og:image\" content=\"http:\/\/1.bp.blogspot.com\/_0j3c4ndfFAY\/Sqp115YZPdI\/AAAAAAAAAcA\/kjGzXMr5Z3g\/s400\/DSC_2481.JPG\" \/>\n<meta name=\"author\" content=\"Michael Krell\" \/>\n<meta name=\"twitter:card\" content=\"summary_large_image\" \/>\n<meta name=\"twitter:label1\" content=\"Verfasst von\" \/>\n\t<meta name=\"twitter:data1\" content=\"Michael Krell\" \/>\n\t<meta name=\"twitter:label2\" content=\"Gesch\u00e4tzte Lesezeit\" \/>\n\t<meta name=\"twitter:data2\" content=\"2\u00a0Minuten\" \/>\n<script type=\"application\/ld+json\" class=\"yoast-schema-graph\">{\"@context\":\"https:\/\/schema.org\",\"@graph\":[{\"@type\":\"WebPage\",\"@id\":\"https:\/\/www.michael-krell.com\/de\/thorsten-in-wisconsin-und-die-anderen-events-am-wochenende\/\",\"url\":\"https:\/\/www.michael-krell.com\/de\/thorsten-in-wisconsin-und-die-anderen-events-am-wochenende\/\",\"name\":\"Thorsten in Wisconsin...und die anderen Events am Wochenende - Michael Krell Triathlon Coaching\",\"isPartOf\":{\"@id\":\"https:\/\/www.michael-krell.com\/en\/#website\"},\"datePublished\":\"2009-09-11T16:00:00+00:00\",\"dateModified\":\"2017-05-16T12:56:00+00:00\",\"author\":{\"@id\":\"https:\/\/www.michael-krell.com\/en\/#\/schema\/person\/17d0c03cb1e15db7305e41b6170a4237\"},\"breadcrumb\":{\"@id\":\"https:\/\/www.michael-krell.com\/de\/thorsten-in-wisconsin-und-die-anderen-events-am-wochenende\/#breadcrumb\"},\"inLanguage\":\"de\",\"potentialAction\":[{\"@type\":\"ReadAction\",\"target\":[\"https:\/\/www.michael-krell.com\/de\/thorsten-in-wisconsin-und-die-anderen-events-am-wochenende\/\"]}]},{\"@type\":\"BreadcrumbList\",\"@id\":\"https:\/\/www.michael-krell.com\/de\/thorsten-in-wisconsin-und-die-anderen-events-am-wochenende\/#breadcrumb\",\"itemListElement\":[{\"@type\":\"ListItem\",\"position\":1,\"name\":\"Startseite\",\"item\":\"https:\/\/www.michael-krell.com\/en\/\"},{\"@type\":\"ListItem\",\"position\":2,\"name\":\"Thorsten in Wisconsin&#8230;und die anderen Events am Wochenende\"}]},{\"@type\":\"WebSite\",\"@id\":\"https:\/\/www.michael-krell.com\/en\/#website\",\"url\":\"https:\/\/www.michael-krell.com\/en\/\",\"name\":\"Michael Krell Triathlon Coaching\",\"description\":\"\",\"potentialAction\":[{\"@type\":\"SearchAction\",\"target\":{\"@type\":\"EntryPoint\",\"urlTemplate\":\"https:\/\/www.michael-krell.com\/en\/?s={search_term_string}\"},\"query-input\":\"required name=search_term_string\"}],\"inLanguage\":\"de\"},{\"@type\":\"Person\",\"@id\":\"https:\/\/www.michael-krell.com\/en\/#\/schema\/person\/17d0c03cb1e15db7305e41b6170a4237\",\"name\":\"Michael Krell\",\"image\":{\"@type\":\"ImageObject\",\"inLanguage\":\"de\",\"@id\":\"https:\/\/www.michael-krell.com\/en\/#\/schema\/person\/image\/\",\"url\":\"https:\/\/secure.gravatar.com\/avatar\/33e39b9fbaf6777afb9b8559d921c4d22f4fd87cba8562434fa169fa71aeb1b3?s=96&d=mm&r=g\",\"contentUrl\":\"https:\/\/secure.gravatar.com\/avatar\/33e39b9fbaf6777afb9b8559d921c4d22f4fd87cba8562434fa169fa71aeb1b3?s=96&d=mm&r=g\",\"caption\":\"Michael Krell\"},\"url\":\"https:\/\/www.michael-krell.com\/de\/author\/krelli\/\"}]}<\/script>\n<!-- \/ Yoast SEO plugin. -->","yoast_head_json":{"title":"Thorsten in Wisconsin...und die anderen Events am Wochenende - Michael Krell Triathlon Coaching","robots":{"index":"index","follow":"follow","max-snippet":"max-snippet:-1","max-image-preview":"max-image-preview:large","max-video-preview":"max-video-preview:-1"},"canonical":"https:\/\/www.michael-krell.com\/de\/thorsten-in-wisconsin-und-die-anderen-events-am-wochenende\/","og_locale":"de_DE","og_type":"article","og_title":"Thorsten in Wisconsin...und die anderen Events am Wochenende - Michael Krell Triathlon Coaching","og_description":"++++update++++Wisconsinneben dem Kanzlerduell gestern, habe ich die ganze Zeit den Ticker aus Wisconsin laufen lassen:Thorsten ist auf dem 17.Gesamtrang eingelaufen, [&hellip;]","og_url":"https:\/\/www.michael-krell.com\/de\/thorsten-in-wisconsin-und-die-anderen-events-am-wochenende\/","og_site_name":"Michael Krell Triathlon Coaching","article_published_time":"2009-09-11T16:00:00+00:00","article_modified_time":"2017-05-16T12:56:00+00:00","og_image":[{"url":"http:\/\/1.bp.blogspot.com\/_0j3c4ndfFAY\/Sqp115YZPdI\/AAAAAAAAAcA\/kjGzXMr5Z3g\/s400\/DSC_2481.JPG"}],"author":"Michael Krell","twitter_card":"summary_large_image","twitter_misc":{"Verfasst von":"Michael Krell","Gesch\u00e4tzte Lesezeit":"2\u00a0Minuten"},"schema":{"@context":"https:\/\/schema.org","@graph":[{"@type":"WebPage","@id":"https:\/\/www.michael-krell.com\/de\/thorsten-in-wisconsin-und-die-anderen-events-am-wochenende\/","url":"https:\/\/www.michael-krell.com\/de\/thorsten-in-wisconsin-und-die-anderen-events-am-wochenende\/","name":"Thorsten in Wisconsin...und die anderen Events am Wochenende - Michael Krell Triathlon Coaching","isPartOf":{"@id":"https:\/\/www.michael-krell.com\/en\/#website"},"datePublished":"2009-09-11T16:00:00+00:00","dateModified":"2017-05-16T12:56:00+00:00","author":{"@id":"https:\/\/www.michael-krell.com\/en\/#\/schema\/person\/17d0c03cb1e15db7305e41b6170a4237"},"breadcrumb":{"@id":"https:\/\/www.michael-krell.com\/de\/thorsten-in-wisconsin-und-die-anderen-events-am-wochenende\/#breadcrumb"},"inLanguage":"de","potentialAction":[{"@type":"ReadAction","target":["https:\/\/www.michael-krell.com\/de\/thorsten-in-wisconsin-und-die-anderen-events-am-wochenende\/"]}]},{"@type":"BreadcrumbList","@id":"https:\/\/www.michael-krell.com\/de\/thorsten-in-wisconsin-und-die-anderen-events-am-wochenende\/#breadcrumb","itemListElement":[{"@type":"ListItem","position":1,"name":"Startseite","item":"https:\/\/www.michael-krell.com\/en\/"},{"@type":"ListItem","position":2,"name":"Thorsten in Wisconsin&#8230;und die anderen Events am Wochenende"}]},{"@type":"WebSite","@id":"https:\/\/www.michael-krell.com\/en\/#website","url":"https:\/\/www.michael-krell.com\/en\/","name":"Michael Krell Triathlon Coaching","description":"","potentialAction":[{"@type":"SearchAction","target":{"@type":"EntryPoint","urlTemplate":"https:\/\/www.michael-krell.com\/en\/?s={search_term_string}"},"query-input":"required name=search_term_string"}],"inLanguage":"de"},{"@type":"Person","@id":"https:\/\/www.michael-krell.com\/en\/#\/schema\/person\/17d0c03cb1e15db7305e41b6170a4237","name":"Michael Krell","image":{"@type":"ImageObject","inLanguage":"de","@id":"https:\/\/www.michael-krell.com\/en\/#\/schema\/person\/image\/","url":"https:\/\/secure.gravatar.com\/avatar\/33e39b9fbaf6777afb9b8559d921c4d22f4fd87cba8562434fa169fa71aeb1b3?s=96&d=mm&r=g","contentUrl":"https:\/\/secure.gravatar.com\/avatar\/33e39b9fbaf6777afb9b8559d921c4d22f4fd87cba8562434fa169fa71aeb1b3?s=96&d=mm&r=g","caption":"Michael Krell"},"url":"https:\/\/www.michael-krell.com\/de\/author\/krelli\/"}]}},"_links":{"self":[{"href":"https:\/\/www.michael-krell.com\/de\/wp-json\/wp\/v2\/posts\/923","targetHints":{"allow":["GET"]}}],"collection":[{"href":"https:\/\/www.michael-krell.com\/de\/wp-json\/wp\/v2\/posts"}],"about":[{"href":"https:\/\/www.michael-krell.com\/de\/wp-json\/wp\/v2\/types\/post"}],"author":[{"embeddable":true,"href":"https:\/\/www.michael-krell.com\/de\/wp-json\/wp\/v2\/users\/2"}],"replies":[{"embeddable":true,"href":"https:\/\/www.michael-krell.com\/de\/wp-json\/wp\/v2\/comments?post=923"}],"version-history":[{"count":1,"href":"https:\/\/www.michael-krell.com\/de\/wp-json\/wp\/v2\/posts\/923\/revisions"}],"predecessor-version":[{"id":4268,"href":"https:\/\/www.michael-krell.com\/de\/wp-json\/wp\/v2\/posts\/923\/revisions\/4268"}],"wp:attachment":[{"href":"https:\/\/www.michael-krell.com\/de\/wp-json\/wp\/v2\/media?parent=923"}],"wp:term":[{"taxonomy":"category","embeddable":true,"href":"https:\/\/www.michael-krell.com\/de\/wp-json\/wp\/v2\/categories?post=923"},{"taxonomy":"post_tag","embeddable":true,"href":"https:\/\/www.michael-krell.com\/de\/wp-json\/wp\/v2\/tags?post=923"}],"curies":[{"name":"wp","href":"https:\/\/api.w.org\/{rel}","templated":true}]}}