{"id":981,"date":"2009-03-26T21:11:00","date_gmt":"2009-03-26T20:11:00","guid":{"rendered":"http:\/\/www.michael-krell.com\/?p=981"},"modified":"2017-05-16T14:59:40","modified_gmt":"2017-05-16T12:59:40","slug":"zeitfahren-am-04-06-09-aufruf","status":"publish","type":"post","link":"https:\/\/www.michael-krell.com\/de\/zeitfahren-am-04-06-09-aufruf\/","title":{"rendered":"Zeitfahren am 04.06.09 &#8211; Aufruf!!"},"content":{"rendered":"<p><a href=\"http:\/\/3.bp.blogspot.com\/_0j3c4ndfFAY\/ScvZjTLUtwI\/AAAAAAAAARo\/dKixdT0Ekpw\/s1600-h\/TT.jpg\"><img decoding=\"async\" id=\"BLOGGER_PHOTO_ID_5317582985507419906\" style=\"DISPLAY: block; MARGIN: 0px auto 10px; WIDTH: 400px; CURSOR: hand; HEIGHT: 286px; TEXT-ALIGN: center\" alt=\"\" src=\"http:\/\/3.bp.blogspot.com\/_0j3c4ndfFAY\/ScvZjTLUtwI\/AAAAAAAAARo\/dKixdT0Ekpw\/s400\/TT.jpg\" border=\"0\" \/><\/a><br \/>Hallo an alle,<\/p>\n<div><\/div>\n<p><\/p>\n<div>heute mal ein Aufruf an alle begeisterten Radfahrer\/Innen unter uns.<\/div>\n<p><\/p>\n<div>Vor zwei Jahren haben wir uns im VFL zusammen gesetzt und ein Zeitfahr(training) bei N\u00fcrnberg ins Leben gerufen. \u00dcber den gro\u00dfen Zuspruch waren wir anf\u00e4nglich sehr \u00fcberrascht.<\/div>\n<p><\/p>\n<div>Wir trafen uns Donnerstag abends gegen halb sieben und ermittelten den Zeitfahrmeister im Verein. Zu unserer \u00dcberraschung wollten auch viele Nichtmitglieder mitradeln. Recht spontan fanden sich so ca. 25 Fahrer\/Innen zusammen. Anschlie\u00dfend lie\u00dfen wir den Abend beim gemeinsamen Grillen ausklingen, wo jeder seine &#8222;Heldentaten&#8220; an den Mann bzw. die Frau bringen konnten \ud83d\ude09<\/div>\n<p><\/p>\n<div><\/div>\n<div>Letztes Jahr wares es schon \u00fcber 50 Teilnehmer\/Innen und nicht nur die Organisation wurde etwas professioneller, sondern auch die Fahrer. Die Ergebnisse vom letzten Jahr k\u00f6nnt ihr unter: <a href=\"http:\/\/www.vfl-triteam.de\/\">http:\/\/www.vfl-triteam.de\/<\/a> (unter Ergebnisse f\u00fcr 2008) einsehen. Unser Schnellster brachte es doch tats\u00e4chlich fertig einen Schnitt von \u00fcber 44km auf die 21km lange Strecke zu fahren. Leider startete er auch direkt hinter und genau eine Minute nach mir, was bedeutete dass der arme &#8222;krelli&#8220; nach nur 7km eingeholt wurde \ud83d\ude41 <\/div>\n<div>Naja, dieses Jahr gibt es Revanche!!<\/div>\n<p><\/p>\n<div>Aufgrund des gro\u00dfen Zuspruchs in den letzten beiden Jahren und den bereits zahlreichen Anfragen, wird es heuer das DRITTE <strong>inoffizielle<\/strong> VFL Zeitfahren geben!! <\/div>\n<p><\/p>\n<div><\/div>\n<div>Wenn ihr euch nun angesprochen f\u00fchlt und Lust habt mitzufahren, gebt mir einfach Bescheid.<\/div>\n<div><strong>Egal welche Leistungsklasse<\/strong> ihr angeh\u00f6rt oder ob ihr das zum ersten Mal macht, bei uns sind alle willkommen! <\/div>\n<p><\/p>\n<div><\/div>\n<div>Der <strong>Modus<\/strong> sieht folgenderma\u00dfen aus: <\/div>\n<p><\/p>\n<div><\/div>\n<div>&#8211; Die Strecke ist relativ flach und 21km lang und hat in der Mitte einen Kreisverkehr. Das ist auch die einzige Stelle an der eventuell Vorfahrt gew\u00e4hrt werden muss.<\/div>\n<p><\/p>\n<div>&#8211; gestartet wird mit einer Minute Abstand zum Vorrausfahrenden, wenn die Teilnehmerzahl gr\u00f6\u00dfer wird als erwartet, werden wir diesen Abstand auf 30 Sekunden verk\u00fcrzen.<\/div>\n<p><\/p>\n<div>&#8211; dem Startenden wird beim Anfahren geholfen, weshalb es jedem m\u00f6glich sein wird, in bereits &#8222;eingeklickter&#8220; Position zu starten. <\/div>\n<p><\/p>\n<div>&#8211; der &#8222;vermutlich&#8220; St\u00e4rkste f\u00e4hrt zum Schluss (es kann nur einen geben der zuerst und als letzter f\u00e4hrt, also verlasse ich mich auf eure realistische Einsch\u00e4tzung \ud83d\ude42 wir werden uns au\u00dferdem anhand der Vorjahresergebnisse orientieren. Also der Thomas Herrmann (Vorjahressieger) wird nicht wieder direkt hinter mir starten!! <\/div>\n<p><\/p>\n<div>&#8211; Windschattenfahren ist verboten, es gilt die allgemein bekannte 10m Regel! (bitte auch beachten, falls jemand \u00fcberholt werden sollte, was bei mir diesmal nicht der Fall sein wird, da der Thomas nicht mehr hinter mir startet \ud83d\ude09 <\/div>\n<p><\/p>\n<div>&#8211; Sicherheit hat absolute Priorit\u00e4t, keinem sollte wegen ein Paar Sekunden etwas zusto\u00dfen. (dies gilt vor allem beim Wendepunkt ! ) <\/div>\n<p><\/p>\n<div><\/div>\n<div><\/div>\n<div>Wir sind sehr zuversichtlich wieder ein gemeinsames Grillen danach zu organisieren, in der auch die Ergebnisse ver\u00f6ffentlicht werden. Falls ihr daran teilnehmen wollt, bitte in der Anmeldung vermerken. Dann k\u00f6nnen wir besser mit dem Essen und Getr\u00e4nken planen. Letztes Jahr ist es sehr gut angenommen worden und wir w\u00fcrden uns freuen mit euch den Abend in gem\u00fctlicher Runde ausklingen zu lassen. <\/div>\n<p><\/p>\n<div><\/div>\n<div>Anzumerken ist, dass es sich hierbei um ein nichtoffiziellen &#8222;Zeitfahr-Training&#8220; handelt, das hei\u00dft das etwaige Haftung von organisierenden Personen ausgeschlossen ist. <\/div>\n<div>Die Stra\u00dfe ist \u00f6ffentlich, um die Uhrzeit zwar kaum befahren, aber trotzdem fahren wir nat\u00fcrlich unter strengster Einhaltung der StVO.<\/div>\n<div><\/div>\n<div>Wir freuen uns auf euren Zuspruch und denken dass es wieder eine klasse Veranstaltung wird. Dies ist au\u00dferdem eine sehr gute M\u00f6glichkeit im Wettkampfstil zu fahren, also packt eure Scheiben, Aerohelme, Nylonstr\u00fcmpfe oder sonstiges was legal schneller macht aus, und zeigt was ihr habt!!! \ud83d\ude42 <\/div>\n<p><\/p>\n<div><\/div>\n<div>Startgeld braucht ihr wie immer nix zu zahlen, bis auf die Steaks die ihr am Ende verdr\u00fcckt. Da w\u00fcrden wir von jedem eine 5\u20ac Pauschale nehmen, daf\u00fcr k\u00f6nnt ihr dann essen und trinken und den Abend bei einem Bierchen ausklingen lassen.<\/div>\n<p><\/p>\n<div><\/div>\n<div>Zum Schluss noch ein wichtiger Aufruf!!<\/div>\n<div>Wir brauchen nat\u00fcrlich auch wieder Helfer, wenn ihr aufgrund anderen Wettkampfterminen nicht starten k\u00f6nnt \/ wollt oder als Begleitung eines Starters erscheint oder euch das einfach anschauen wollt, seid ihr nat\u00fcrlich trotzdem gern gesehen und bekommt ein extra Bier! <\/div>\n<p><\/p>\n<div><\/div>\n<div>gestartet wird gegen ca. 19Uhr.<\/div>\n<p><\/p>\n<div>Bei Interesse gebt mir einfach Bescheid, dann nehme ich euch unverbindlich auf und ihr bekommt stets die aktuellsten Entwicklungen mit. Falls ihr dann sp\u00e4ter im Juni doch nicht starten k\u00f6nnt, kein Problem, daf\u00fcr &#8222;verhaften&#8220; wir keinen \ud83d\ude09<\/div>\n<p><\/p>\n<div><\/div>\n<div><strong>Also traut euch!!<\/strong><\/div>\n<p><\/p>\n<div><\/div>\n<div>bei Interesse und Fragen, einfach an mich: <a href=\"mailto:mkrell@gmx.de\">mkrell@gmx.de<\/a><\/div>\n<p><\/p>\n<div><\/div>\n<div>viele Gr\u00fc\u00dfe<\/div>\n<p><\/p>\n<div><\/div>\n<div>krelli<\/div>\n","protected":false},"excerpt":{"rendered":"<p>Hallo an alle, heute mal ein Aufruf an alle begeisterten Radfahrer\/Innen unter uns. Vor zwei Jahren haben wir uns im [&hellip;]<\/p>\n","protected":false},"author":2,"featured_media":0,"comment_status":"open","ping_status":"open","sticky":false,"template":"","format":"standard","meta":{"footnotes":""},"categories":[1220],"tags":[],"class_list":["post-981","post","type-post","status-publish","format-standard","hentry","category-privates"],"yoast_head":"<!-- This site is optimized with the Yoast SEO plugin v19.8 - https:\/\/yoast.com\/wordpress\/plugins\/seo\/ -->\n<title>Zeitfahren am 04.06.09 - Aufruf!! - Michael Krell Triathlon Coaching<\/title>\n<meta name=\"robots\" content=\"index, follow, max-snippet:-1, max-image-preview:large, max-video-preview:-1\" \/>\n<link rel=\"canonical\" href=\"https:\/\/www.michael-krell.com\/de\/zeitfahren-am-04-06-09-aufruf\/\" \/>\n<meta property=\"og:locale\" content=\"de_DE\" \/>\n<meta property=\"og:type\" content=\"article\" \/>\n<meta property=\"og:title\" content=\"Zeitfahren am 04.06.09 - Aufruf!! - Michael Krell Triathlon Coaching\" \/>\n<meta property=\"og:description\" content=\"Hallo an alle, heute mal ein Aufruf an alle begeisterten Radfahrer\/Innen unter uns. Vor zwei Jahren haben wir uns im [&hellip;]\" \/>\n<meta property=\"og:url\" content=\"https:\/\/www.michael-krell.com\/de\/zeitfahren-am-04-06-09-aufruf\/\" \/>\n<meta property=\"og:site_name\" content=\"Michael Krell Triathlon Coaching\" \/>\n<meta property=\"article:published_time\" content=\"2009-03-26T20:11:00+00:00\" \/>\n<meta property=\"article:modified_time\" content=\"2017-05-16T12:59:40+00:00\" \/>\n<meta property=\"og:image\" content=\"http:\/\/3.bp.blogspot.com\/_0j3c4ndfFAY\/ScvZjTLUtwI\/AAAAAAAAARo\/dKixdT0Ekpw\/s400\/TT.jpg\" \/>\n<meta name=\"author\" content=\"Michael Krell\" \/>\n<meta name=\"twitter:card\" content=\"summary_large_image\" \/>\n<meta name=\"twitter:label1\" content=\"Verfasst von\" \/>\n\t<meta name=\"twitter:data1\" content=\"Michael Krell\" \/>\n\t<meta name=\"twitter:label2\" content=\"Gesch\u00e4tzte Lesezeit\" \/>\n\t<meta name=\"twitter:data2\" content=\"4\u00a0Minuten\" \/>\n<script type=\"application\/ld+json\" class=\"yoast-schema-graph\">{\"@context\":\"https:\/\/schema.org\",\"@graph\":[{\"@type\":\"WebPage\",\"@id\":\"https:\/\/www.michael-krell.com\/de\/zeitfahren-am-04-06-09-aufruf\/\",\"url\":\"https:\/\/www.michael-krell.com\/de\/zeitfahren-am-04-06-09-aufruf\/\",\"name\":\"Zeitfahren am 04.06.09 - Aufruf!! - Michael Krell Triathlon Coaching\",\"isPartOf\":{\"@id\":\"https:\/\/www.michael-krell.com\/en\/#website\"},\"datePublished\":\"2009-03-26T20:11:00+00:00\",\"dateModified\":\"2017-05-16T12:59:40+00:00\",\"author\":{\"@id\":\"https:\/\/www.michael-krell.com\/en\/#\/schema\/person\/17d0c03cb1e15db7305e41b6170a4237\"},\"breadcrumb\":{\"@id\":\"https:\/\/www.michael-krell.com\/de\/zeitfahren-am-04-06-09-aufruf\/#breadcrumb\"},\"inLanguage\":\"de\",\"potentialAction\":[{\"@type\":\"ReadAction\",\"target\":[\"https:\/\/www.michael-krell.com\/de\/zeitfahren-am-04-06-09-aufruf\/\"]}]},{\"@type\":\"BreadcrumbList\",\"@id\":\"https:\/\/www.michael-krell.com\/de\/zeitfahren-am-04-06-09-aufruf\/#breadcrumb\",\"itemListElement\":[{\"@type\":\"ListItem\",\"position\":1,\"name\":\"Startseite\",\"item\":\"https:\/\/www.michael-krell.com\/en\/\"},{\"@type\":\"ListItem\",\"position\":2,\"name\":\"Zeitfahren am 04.06.09 &#8211; Aufruf!!\"}]},{\"@type\":\"WebSite\",\"@id\":\"https:\/\/www.michael-krell.com\/en\/#website\",\"url\":\"https:\/\/www.michael-krell.com\/en\/\",\"name\":\"Michael Krell Triathlon Coaching\",\"description\":\"\",\"potentialAction\":[{\"@type\":\"SearchAction\",\"target\":{\"@type\":\"EntryPoint\",\"urlTemplate\":\"https:\/\/www.michael-krell.com\/en\/?s={search_term_string}\"},\"query-input\":\"required name=search_term_string\"}],\"inLanguage\":\"de\"},{\"@type\":\"Person\",\"@id\":\"https:\/\/www.michael-krell.com\/en\/#\/schema\/person\/17d0c03cb1e15db7305e41b6170a4237\",\"name\":\"Michael Krell\",\"image\":{\"@type\":\"ImageObject\",\"inLanguage\":\"de\",\"@id\":\"https:\/\/www.michael-krell.com\/en\/#\/schema\/person\/image\/\",\"url\":\"https:\/\/secure.gravatar.com\/avatar\/33e39b9fbaf6777afb9b8559d921c4d22f4fd87cba8562434fa169fa71aeb1b3?s=96&d=mm&r=g\",\"contentUrl\":\"https:\/\/secure.gravatar.com\/avatar\/33e39b9fbaf6777afb9b8559d921c4d22f4fd87cba8562434fa169fa71aeb1b3?s=96&d=mm&r=g\",\"caption\":\"Michael Krell\"},\"url\":\"https:\/\/www.michael-krell.com\/de\/author\/krelli\/\"}]}<\/script>\n<!-- \/ Yoast SEO plugin. -->","yoast_head_json":{"title":"Zeitfahren am 04.06.09 - Aufruf!! - Michael Krell Triathlon Coaching","robots":{"index":"index","follow":"follow","max-snippet":"max-snippet:-1","max-image-preview":"max-image-preview:large","max-video-preview":"max-video-preview:-1"},"canonical":"https:\/\/www.michael-krell.com\/de\/zeitfahren-am-04-06-09-aufruf\/","og_locale":"de_DE","og_type":"article","og_title":"Zeitfahren am 04.06.09 - Aufruf!! - Michael Krell Triathlon Coaching","og_description":"Hallo an alle, heute mal ein Aufruf an alle begeisterten Radfahrer\/Innen unter uns. Vor zwei Jahren haben wir uns im [&hellip;]","og_url":"https:\/\/www.michael-krell.com\/de\/zeitfahren-am-04-06-09-aufruf\/","og_site_name":"Michael Krell Triathlon Coaching","article_published_time":"2009-03-26T20:11:00+00:00","article_modified_time":"2017-05-16T12:59:40+00:00","og_image":[{"url":"http:\/\/3.bp.blogspot.com\/_0j3c4ndfFAY\/ScvZjTLUtwI\/AAAAAAAAARo\/dKixdT0Ekpw\/s400\/TT.jpg"}],"author":"Michael Krell","twitter_card":"summary_large_image","twitter_misc":{"Verfasst von":"Michael Krell","Gesch\u00e4tzte Lesezeit":"4\u00a0Minuten"},"schema":{"@context":"https:\/\/schema.org","@graph":[{"@type":"WebPage","@id":"https:\/\/www.michael-krell.com\/de\/zeitfahren-am-04-06-09-aufruf\/","url":"https:\/\/www.michael-krell.com\/de\/zeitfahren-am-04-06-09-aufruf\/","name":"Zeitfahren am 04.06.09 - Aufruf!! - Michael Krell Triathlon Coaching","isPartOf":{"@id":"https:\/\/www.michael-krell.com\/en\/#website"},"datePublished":"2009-03-26T20:11:00+00:00","dateModified":"2017-05-16T12:59:40+00:00","author":{"@id":"https:\/\/www.michael-krell.com\/en\/#\/schema\/person\/17d0c03cb1e15db7305e41b6170a4237"},"breadcrumb":{"@id":"https:\/\/www.michael-krell.com\/de\/zeitfahren-am-04-06-09-aufruf\/#breadcrumb"},"inLanguage":"de","potentialAction":[{"@type":"ReadAction","target":["https:\/\/www.michael-krell.com\/de\/zeitfahren-am-04-06-09-aufruf\/"]}]},{"@type":"BreadcrumbList","@id":"https:\/\/www.michael-krell.com\/de\/zeitfahren-am-04-06-09-aufruf\/#breadcrumb","itemListElement":[{"@type":"ListItem","position":1,"name":"Startseite","item":"https:\/\/www.michael-krell.com\/en\/"},{"@type":"ListItem","position":2,"name":"Zeitfahren am 04.06.09 &#8211; Aufruf!!"}]},{"@type":"WebSite","@id":"https:\/\/www.michael-krell.com\/en\/#website","url":"https:\/\/www.michael-krell.com\/en\/","name":"Michael Krell Triathlon Coaching","description":"","potentialAction":[{"@type":"SearchAction","target":{"@type":"EntryPoint","urlTemplate":"https:\/\/www.michael-krell.com\/en\/?s={search_term_string}"},"query-input":"required name=search_term_string"}],"inLanguage":"de"},{"@type":"Person","@id":"https:\/\/www.michael-krell.com\/en\/#\/schema\/person\/17d0c03cb1e15db7305e41b6170a4237","name":"Michael Krell","image":{"@type":"ImageObject","inLanguage":"de","@id":"https:\/\/www.michael-krell.com\/en\/#\/schema\/person\/image\/","url":"https:\/\/secure.gravatar.com\/avatar\/33e39b9fbaf6777afb9b8559d921c4d22f4fd87cba8562434fa169fa71aeb1b3?s=96&d=mm&r=g","contentUrl":"https:\/\/secure.gravatar.com\/avatar\/33e39b9fbaf6777afb9b8559d921c4d22f4fd87cba8562434fa169fa71aeb1b3?s=96&d=mm&r=g","caption":"Michael Krell"},"url":"https:\/\/www.michael-krell.com\/de\/author\/krelli\/"}]}},"_links":{"self":[{"href":"https:\/\/www.michael-krell.com\/de\/wp-json\/wp\/v2\/posts\/981","targetHints":{"allow":["GET"]}}],"collection":[{"href":"https:\/\/www.michael-krell.com\/de\/wp-json\/wp\/v2\/posts"}],"about":[{"href":"https:\/\/www.michael-krell.com\/de\/wp-json\/wp\/v2\/types\/post"}],"author":[{"embeddable":true,"href":"https:\/\/www.michael-krell.com\/de\/wp-json\/wp\/v2\/users\/2"}],"replies":[{"embeddable":true,"href":"https:\/\/www.michael-krell.com\/de\/wp-json\/wp\/v2\/comments?post=981"}],"version-history":[{"count":1,"href":"https:\/\/www.michael-krell.com\/de\/wp-json\/wp\/v2\/posts\/981\/revisions"}],"predecessor-version":[{"id":4292,"href":"https:\/\/www.michael-krell.com\/de\/wp-json\/wp\/v2\/posts\/981\/revisions\/4292"}],"wp:attachment":[{"href":"https:\/\/www.michael-krell.com\/de\/wp-json\/wp\/v2\/media?parent=981"}],"wp:term":[{"taxonomy":"category","embeddable":true,"href":"https:\/\/www.michael-krell.com\/de\/wp-json\/wp\/v2\/categories?post=981"},{"taxonomy":"post_tag","embeddable":true,"href":"https:\/\/www.michael-krell.com\/de\/wp-json\/wp\/v2\/tags?post=981"}],"curies":[{"name":"wp","href":"https:\/\/api.w.org\/{rel}","templated":true}]}}