{"id":268,"date":"2013-07-15T08:01:00","date_gmt":"2013-07-15T06:01:00","guid":{"rendered":"http:\/\/www.michael-krell.com\/?p=268"},"modified":"2017-04-13T18:17:49","modified_gmt":"2017-04-13T16:17:49","slug":"rennbericht-challenge-roth-847-std","status":"publish","type":"post","link":"https:\/\/www.michael-krell.com\/en\/rennbericht-challenge-roth-847-std\/","title":{"rendered":"Race report Challenge Roth 8:47 hours"},"content":{"rendered":"<p>&nbsp;<\/p>\n<table style=\"margin-left: auto; margin-right: auto; text-align: center;\" cellspacing=\"0\" cellpadding=\"0\" align=\"center\">\n<tbody>\n<tr>\n<td style=\"text-align: center;\"><a style=\"margin-left: auto; margin-right: auto;\" href=\"http:\/\/www.michael-krell.com\/wp-content\/uploads\/2013\/07\/bildc.jpg\"><img loading=\"lazy\" decoding=\"async\" src=\"http:\/\/www.michael-krell.com\/wp-content\/uploads\/2013\/07\/bildc-300x200.jpg\" width=\"400\" height=\"266\" border=\"0\" \/><\/a><\/td>\n<\/tr>\n<tr>\n<td style=\"text-align: center;\">Image: Stefan Drexl<\/td>\n<\/tr>\n<\/tbody>\n<\/table>\n<p>The disappointment about what I consider to be an unjustified 8-minute time penalty still prevails, but in retrospect I&#039;m glad I didn&#039;t give up.<\/p>\n<p>Swimming was under all cannon. Although I swam really well, the clock ended up showing 58 minutes. I haven&#039;t swum that slowly in years. But when I quickly picked up the people on my bike, who usually come out of the water a long way in front of me, I realized that swimming in general was very slow yesterday.<\/p>\n<p>The first cycle lap was terrific, I had really excellent legs! Shortly before Solar I overtook a larger professional group and pulled them behind me for 10km until just before Hilpoltstein. When an athlete in the group overtook me and cut in in front of me, I immediately received an 8-minute penalty without any warning. Even two athletes who drove to the referee and tried to explain to her that I was leading the entire time couldn&#039;t change anything. I wasn&#039;t shown a map or anything. If I hadn&#039;t actively asked her, I would have had no idea why she whistled at all.<\/p>\n<p>In the penalty box I wasn&#039;t up for it anymore and wanted to get out. On the other hand, I wanted to at least finish the race because I had great support from my Julia, family, friends and acquaintances on the track all day. I also continued for the team classification (Team Arndt).<\/p>\n<table style=\"margin-left: auto; margin-right: auto; text-align: center;\" cellspacing=\"0\" cellpadding=\"0\" align=\"center\">\n<tbody>\n<tr>\n<td style=\"text-align: center;\"><a style=\"margin-left: auto; margin-right: auto;\" href=\"http:\/\/www.michael-krell.com\/wp-content\/uploads\/2013\/07\/laufbild.jpg\"><img loading=\"lazy\" decoding=\"async\" src=\"http:\/\/www.michael-krell.com\/wp-content\/uploads\/2013\/07\/laufbild-224x300.jpg\" width=\"298\" height=\"400\" border=\"0\" \/><\/a><\/td>\n<\/tr>\n<tr>\n<td style=\"text-align: center;\">Image: Jan Prchlik<\/td>\n<\/tr>\n<\/tbody>\n<\/table>\n<p>Afterwards, however, the motivation on the second bike lap was completely gone and was more reminiscent of a training ride. Out of sheer anger in my stomach I started the first 8km at a 4:00 pace. At some point I (of course) noticed that I couldn&#039;t keep this pace until the end, I slowed down a bit in the middle and was able to accelerate again from km 25 to the finish. In the end there was exactly a 3:00 hour marathon and a new personal best of 8:47 hours, which at least made me a little bit more comfortable with the race.<\/p>\n<div style=\"clear: both; text-align: center;\"><a style=\"margin-left: 1em; margin-right: 1em;\" href=\"http:\/\/www.michael-krell.com\/wp-content\/uploads\/2013\/07\/2013-0714-TRI-CHL-Roth-197x740c.jpg\"><img loading=\"lazy\" decoding=\"async\" src=\"http:\/\/www.michael-krell.com\/wp-content\/uploads\/2013\/07\/2013-0714-TRI-CHL-Roth-197x740c-300x199.jpg\" width=\"400\" height=\"266\" border=\"0\" \/><\/a><\/div>\n<p>I&#039;m still angry. Lying awake all night thinking about this situation on the bike every minute.<\/p>\n<p>Enough of that now, I&#039;m back to focusing on my own athletes.<\/p>\n<p>Thanks to everyone who cheered me on yesterday, it was a real home game! Without you I would have got out.<\/p>\n<p>wish you a good week!<br \/>\nkrelli<\/p>","protected":false},"excerpt":{"rendered":"<p>&nbsp; Image: Stefan Drexl The disappointment about an 8-minute time penalty that is unjustified from my point of view still prevails, but in retrospect [...]<\/p>","protected":false},"author":2,"featured_media":1269,"comment_status":"open","ping_status":"open","sticky":false,"template":"","format":"standard","meta":{"footnotes":""},"categories":[1220],"tags":[],"class_list":["post-268","post","type-post","status-publish","format-standard","has-post-thumbnail","hentry","category-privates"],"yoast_head":"<!-- This site is optimized with the Yoast SEO plugin v19.8 - https:\/\/yoast.com\/wordpress\/plugins\/seo\/ -->\n<title>Rennbericht Challenge Roth 8:47 Std. - Michael Krell Triathlon Coaching<\/title>\n<meta name=\"robots\" content=\"index, follow, max-snippet:-1, max-image-preview:large, max-video-preview:-1\" \/>\n<link rel=\"canonical\" href=\"https:\/\/www.michael-krell.com\/en\/rennbericht-challenge-roth-847-std\/\" \/>\n<meta property=\"og:locale\" content=\"en_US\" \/>\n<meta property=\"og:type\" content=\"article\" \/>\n<meta property=\"og:title\" content=\"Rennbericht Challenge Roth 8:47 Std. - Michael Krell Triathlon Coaching\" \/>\n<meta property=\"og:description\" content=\"&nbsp; Bild: Stefan Drexl Es \u00fcberwiegt immer noch die Entt\u00e4uschung \u00fcber eine aus meiner Sicht ungerechtfertigte 8-Minuten-Zeitstrafe, aber im Nachhinein [&hellip;]\" \/>\n<meta property=\"og:url\" content=\"https:\/\/www.michael-krell.com\/en\/rennbericht-challenge-roth-847-std\/\" \/>\n<meta property=\"og:site_name\" content=\"Michael Krell Triathlon Coaching\" \/>\n<meta property=\"article:published_time\" content=\"2013-07-15T06:01:00+00:00\" \/>\n<meta property=\"article:modified_time\" content=\"2017-04-13T16:17:49+00:00\" \/>\n<meta property=\"og:image\" content=\"https:\/\/www.michael-krell.com\/wp-content\/uploads\/2013\/07\/bildc.jpg\" \/>\n\t<meta property=\"og:image:width\" content=\"739\" \/>\n\t<meta property=\"og:image:height\" content=\"493\" \/>\n\t<meta property=\"og:image:type\" content=\"image\/jpeg\" \/>\n<meta name=\"author\" content=\"Michael Krell\" \/>\n<meta name=\"twitter:card\" content=\"summary_large_image\" \/>\n<meta name=\"twitter:label1\" content=\"Written by\" \/>\n\t<meta name=\"twitter:data1\" content=\"Michael Krell\" \/>\n\t<meta name=\"twitter:label2\" content=\"Est. reading time\" \/>\n\t<meta name=\"twitter:data2\" content=\"2 minutes\" \/>\n<script type=\"application\/ld+json\" class=\"yoast-schema-graph\">{\"@context\":\"https:\/\/schema.org\",\"@graph\":[{\"@type\":\"WebPage\",\"@id\":\"https:\/\/www.michael-krell.com\/de\/rennbericht-challenge-roth-847-std\/\",\"url\":\"https:\/\/www.michael-krell.com\/de\/rennbericht-challenge-roth-847-std\/\",\"name\":\"Rennbericht Challenge Roth 8:47 Std. - Michael Krell Triathlon Coaching\",\"isPartOf\":{\"@id\":\"https:\/\/www.michael-krell.com\/en\/#website\"},\"datePublished\":\"2013-07-15T06:01:00+00:00\",\"dateModified\":\"2017-04-13T16:17:49+00:00\",\"author\":{\"@id\":\"https:\/\/www.michael-krell.com\/en\/#\/schema\/person\/17d0c03cb1e15db7305e41b6170a4237\"},\"breadcrumb\":{\"@id\":\"https:\/\/www.michael-krell.com\/de\/rennbericht-challenge-roth-847-std\/#breadcrumb\"},\"inLanguage\":\"en-US\",\"potentialAction\":[{\"@type\":\"ReadAction\",\"target\":[\"https:\/\/www.michael-krell.com\/de\/rennbericht-challenge-roth-847-std\/\"]}]},{\"@type\":\"BreadcrumbList\",\"@id\":\"https:\/\/www.michael-krell.com\/de\/rennbericht-challenge-roth-847-std\/#breadcrumb\",\"itemListElement\":[{\"@type\":\"ListItem\",\"position\":1,\"name\":\"Startseite\",\"item\":\"https:\/\/www.michael-krell.com\/en\/\"},{\"@type\":\"ListItem\",\"position\":2,\"name\":\"Rennbericht Challenge Roth 8:47 Std.\"}]},{\"@type\":\"WebSite\",\"@id\":\"https:\/\/www.michael-krell.com\/en\/#website\",\"url\":\"https:\/\/www.michael-krell.com\/en\/\",\"name\":\"Michael Krell Triathlon Coaching\",\"description\":\"\",\"potentialAction\":[{\"@type\":\"SearchAction\",\"target\":{\"@type\":\"EntryPoint\",\"urlTemplate\":\"https:\/\/www.michael-krell.com\/en\/?s={search_term_string}\"},\"query-input\":\"required name=search_term_string\"}],\"inLanguage\":\"en-US\"},{\"@type\":\"Person\",\"@id\":\"https:\/\/www.michael-krell.com\/en\/#\/schema\/person\/17d0c03cb1e15db7305e41b6170a4237\",\"name\":\"Michael Krell\",\"image\":{\"@type\":\"ImageObject\",\"inLanguage\":\"en-US\",\"@id\":\"https:\/\/www.michael-krell.com\/en\/#\/schema\/person\/image\/\",\"url\":\"https:\/\/secure.gravatar.com\/avatar\/33e39b9fbaf6777afb9b8559d921c4d22f4fd87cba8562434fa169fa71aeb1b3?s=96&d=mm&r=g\",\"contentUrl\":\"https:\/\/secure.gravatar.com\/avatar\/33e39b9fbaf6777afb9b8559d921c4d22f4fd87cba8562434fa169fa71aeb1b3?s=96&d=mm&r=g\",\"caption\":\"Michael Krell\"},\"url\":\"https:\/\/www.michael-krell.com\/en\/author\/krelli\/\"}]}<\/script>\n<!-- \/ Yoast SEO plugin. -->","yoast_head_json":{"title":"Rennbericht Challenge Roth 8:47 Std. - Michael Krell Triathlon Coaching","robots":{"index":"index","follow":"follow","max-snippet":"max-snippet:-1","max-image-preview":"max-image-preview:large","max-video-preview":"max-video-preview:-1"},"canonical":"https:\/\/www.michael-krell.com\/en\/rennbericht-challenge-roth-847-std\/","og_locale":"en_US","og_type":"article","og_title":"Rennbericht Challenge Roth 8:47 Std. - Michael Krell Triathlon Coaching","og_description":"&nbsp; Bild: Stefan Drexl Es \u00fcberwiegt immer noch die Entt\u00e4uschung \u00fcber eine aus meiner Sicht ungerechtfertigte 8-Minuten-Zeitstrafe, aber im Nachhinein [&hellip;]","og_url":"https:\/\/www.michael-krell.com\/en\/rennbericht-challenge-roth-847-std\/","og_site_name":"Michael Krell Triathlon Coaching","article_published_time":"2013-07-15T06:01:00+00:00","article_modified_time":"2017-04-13T16:17:49+00:00","og_image":[{"width":739,"height":493,"url":"https:\/\/www.michael-krell.com\/wp-content\/uploads\/2013\/07\/bildc.jpg","type":"image\/jpeg"}],"author":"Michael Krell","twitter_card":"summary_large_image","twitter_misc":{"Written by":"Michael Krell","Est. reading time":"2 minutes"},"schema":{"@context":"https:\/\/schema.org","@graph":[{"@type":"WebPage","@id":"https:\/\/www.michael-krell.com\/de\/rennbericht-challenge-roth-847-std\/","url":"https:\/\/www.michael-krell.com\/de\/rennbericht-challenge-roth-847-std\/","name":"Rennbericht Challenge Roth 8:47 Std. - Michael Krell Triathlon Coaching","isPartOf":{"@id":"https:\/\/www.michael-krell.com\/en\/#website"},"datePublished":"2013-07-15T06:01:00+00:00","dateModified":"2017-04-13T16:17:49+00:00","author":{"@id":"https:\/\/www.michael-krell.com\/en\/#\/schema\/person\/17d0c03cb1e15db7305e41b6170a4237"},"breadcrumb":{"@id":"https:\/\/www.michael-krell.com\/de\/rennbericht-challenge-roth-847-std\/#breadcrumb"},"inLanguage":"en-US","potentialAction":[{"@type":"ReadAction","target":["https:\/\/www.michael-krell.com\/de\/rennbericht-challenge-roth-847-std\/"]}]},{"@type":"BreadcrumbList","@id":"https:\/\/www.michael-krell.com\/de\/rennbericht-challenge-roth-847-std\/#breadcrumb","itemListElement":[{"@type":"ListItem","position":1,"name":"Startseite","item":"https:\/\/www.michael-krell.com\/en\/"},{"@type":"ListItem","position":2,"name":"Rennbericht Challenge Roth 8:47 Std."}]},{"@type":"WebSite","@id":"https:\/\/www.michael-krell.com\/en\/#website","url":"https:\/\/www.michael-krell.com\/en\/","name":"Michael Krell Triathlon Coaching","description":"","potentialAction":[{"@type":"SearchAction","target":{"@type":"EntryPoint","urlTemplate":"https:\/\/www.michael-krell.com\/en\/?s={search_term_string}"},"query-input":"required name=search_term_string"}],"inLanguage":"en-US"},{"@type":"Person","@id":"https:\/\/www.michael-krell.com\/en\/#\/schema\/person\/17d0c03cb1e15db7305e41b6170a4237","name":"Michael Krell","image":{"@type":"ImageObject","inLanguage":"en-US","@id":"https:\/\/www.michael-krell.com\/en\/#\/schema\/person\/image\/","url":"https:\/\/secure.gravatar.com\/avatar\/33e39b9fbaf6777afb9b8559d921c4d22f4fd87cba8562434fa169fa71aeb1b3?s=96&d=mm&r=g","contentUrl":"https:\/\/secure.gravatar.com\/avatar\/33e39b9fbaf6777afb9b8559d921c4d22f4fd87cba8562434fa169fa71aeb1b3?s=96&d=mm&r=g","caption":"Michael Krell"},"url":"https:\/\/www.michael-krell.com\/en\/author\/krelli\/"}]}},"_links":{"self":[{"href":"https:\/\/www.michael-krell.com\/en\/wp-json\/wp\/v2\/posts\/268","targetHints":{"allow":["GET"]}}],"collection":[{"href":"https:\/\/www.michael-krell.com\/en\/wp-json\/wp\/v2\/posts"}],"about":[{"href":"https:\/\/www.michael-krell.com\/en\/wp-json\/wp\/v2\/types\/post"}],"author":[{"embeddable":true,"href":"https:\/\/www.michael-krell.com\/en\/wp-json\/wp\/v2\/users\/2"}],"replies":[{"embeddable":true,"href":"https:\/\/www.michael-krell.com\/en\/wp-json\/wp\/v2\/comments?post=268"}],"version-history":[{"count":1,"href":"https:\/\/www.michael-krell.com\/en\/wp-json\/wp\/v2\/posts\/268\/revisions"}],"predecessor-version":[{"id":3367,"href":"https:\/\/www.michael-krell.com\/en\/wp-json\/wp\/v2\/posts\/268\/revisions\/3367"}],"wp:featuredmedia":[{"embeddable":true,"href":"https:\/\/www.michael-krell.com\/en\/wp-json\/wp\/v2\/media\/1269"}],"wp:attachment":[{"href":"https:\/\/www.michael-krell.com\/en\/wp-json\/wp\/v2\/media?parent=268"}],"wp:term":[{"taxonomy":"category","embeddable":true,"href":"https:\/\/www.michael-krell.com\/en\/wp-json\/wp\/v2\/categories?post=268"},{"taxonomy":"post_tag","embeddable":true,"href":"https:\/\/www.michael-krell.com\/en\/wp-json\/wp\/v2\/tags?post=268"}],"curies":[{"name":"wp","href":"https:\/\/api.w.org\/{rel}","templated":true}]}}