{"id":318,"date":"2013-04-23T20:03:00","date_gmt":"2013-04-23T18:03:00","guid":{"rendered":"http:\/\/www.michael-krell.com\/?p=318"},"modified":"2017-04-18T10:55:25","modified_gmt":"2017-04-18T08:55:25","slug":"wochenende-erfolgreich-fuer-meine-athleten","status":"publish","type":"post","link":"https:\/\/www.michael-krell.com\/en\/wochenende-erfolgreich-fuer-meine-athleten\/","title":{"rendered":"Weekend successful for my athletes"},"content":{"rendered":"<p>Michael Meisen wins the Altenm\u00fcnster half marathon. A wavy route with over 300 meters of altitude, all the more astonishing since Michael is 1.98 tall and correspondingly difficult. But you haven&#039;t seen such a long step yet \ud83d\ude09 - In July it will be the Hawaii Quali, which he will be just as happy about!<\/p>\n<div style=\"clear: both; text-align: center;\"><a style=\"margin-left: 1em; margin-right: 1em;\" href=\"http:\/\/www.michael-krell.com\/wp-content\/uploads\/2013\/04\/Siegerbild-HM-2013.jpg\"><img loading=\"lazy\" decoding=\"async\" src=\"http:\/\/www.michael-krell.com\/wp-content\/uploads\/2013\/04\/Siegerbild-HM-2013-300x200.jpg\" width=\"400\" height=\"266\" border=\"0\" \/><\/a><\/div>\n<p>In addition, Sven Vanderschot finished second at the Bike &amp; Run in Cologne behind local professional Till Schramm. Although he struggled a lot, as my giant Sven stole valuable seconds on the bike and paved the fastest bike time of the day on the asphalt.<\/p>\n<div style=\"clear: both; text-align: center;\"><a style=\"margin-left: 1em; margin-right: 1em;\" href=\"http:\/\/www.michael-krell.com\/wp-content\/uploads\/2013\/04\/Bike_Run_Joerg_Schueler_Sportsnaps_137.jpg\"><img loading=\"lazy\" decoding=\"async\" src=\"http:\/\/www.michael-krell.com\/wp-content\/uploads\/2013\/04\/Bike_Run_Joerg_Schueler_Sportsnaps_137-300x300.jpg\" width=\"400\" height=\"400\" border=\"0\" \/><\/a><\/div>\n<p>In Austria my junior Christian Mayer reached the overall top 10 at the Austrian state championship in duathlon. And Armin Atzlinger is 4th in the Fischinger Cross-Duathlon. Only he and I know what his predicament looked like. The goal for Armin is the Sub9 in Roth this year.<\/p>\n<div style=\"clear: both; text-align: center;\"><a style=\"margin-left: 1em; margin-right: 1em;\" href=\"http:\/\/www.michael-krell.com\/wp-content\/uploads\/2013\/04\/rennen.jpg\"><img loading=\"lazy\" decoding=\"async\" src=\"http:\/\/www.michael-krell.com\/wp-content\/uploads\/2013\/04\/rennen-224x300.jpg\" width=\"298\" height=\"400\" border=\"0\" \/><\/a><\/div>\n<p>&nbsp;<\/p>","protected":false},"excerpt":{"rendered":"<p>Michael Meisen wins the Altenm\u00fcnster half marathon. A wavy route with over 300 meters of altitude, all the more astonishing because Michael is 1.98 tall and [...]<\/p>","protected":false},"author":2,"featured_media":1326,"comment_status":"open","ping_status":"open","sticky":false,"template":"","format":"standard","meta":{"footnotes":""},"categories":[1220],"tags":[],"class_list":["post-318","post","type-post","status-publish","format-standard","has-post-thumbnail","hentry","category-privates"],"yoast_head":"<!-- This site is optimized with the Yoast SEO plugin v19.8 - https:\/\/yoast.com\/wordpress\/plugins\/seo\/ -->\n<title>Wochenende erfolgreich f\u00fcr meine Athleten - Michael Krell Triathlon Coaching<\/title>\n<meta name=\"robots\" content=\"index, follow, max-snippet:-1, max-image-preview:large, max-video-preview:-1\" \/>\n<link rel=\"canonical\" href=\"https:\/\/www.michael-krell.com\/en\/wochenende-erfolgreich-fuer-meine-athleten\/\" \/>\n<meta property=\"og:locale\" content=\"en_US\" \/>\n<meta property=\"og:type\" content=\"article\" \/>\n<meta property=\"og:title\" content=\"Wochenende erfolgreich f\u00fcr meine Athleten - Michael Krell Triathlon Coaching\" \/>\n<meta property=\"og:description\" content=\"Michael Meisen gewinnt beim Halbmarathon Altenm\u00fcnster. Eine wellige Strecke mit \u00fcber 300 H\u00f6henmeter, umso erstaunlicher da Michael 1,98 gro\u00df und [&hellip;]\" \/>\n<meta property=\"og:url\" content=\"https:\/\/www.michael-krell.com\/en\/wochenende-erfolgreich-fuer-meine-athleten\/\" \/>\n<meta property=\"og:site_name\" content=\"Michael Krell Triathlon Coaching\" \/>\n<meta property=\"article:published_time\" content=\"2013-04-23T18:03:00+00:00\" \/>\n<meta property=\"article:modified_time\" content=\"2017-04-18T08:55:25+00:00\" \/>\n<meta property=\"og:image\" content=\"https:\/\/www.michael-krell.com\/wp-content\/uploads\/2013\/04\/Siegerbild-HM-2013.jpg\" \/>\n\t<meta property=\"og:image:width\" content=\"1024\" \/>\n\t<meta property=\"og:image:height\" content=\"683\" \/>\n\t<meta property=\"og:image:type\" content=\"image\/jpeg\" \/>\n<meta name=\"author\" content=\"Michael Krell\" \/>\n<meta name=\"twitter:card\" content=\"summary_large_image\" \/>\n<meta name=\"twitter:label1\" content=\"Written by\" \/>\n\t<meta name=\"twitter:data1\" content=\"Michael Krell\" \/>\n\t<meta name=\"twitter:label2\" content=\"Est. reading time\" \/>\n\t<meta name=\"twitter:data2\" content=\"1 minute\" \/>\n<script type=\"application\/ld+json\" class=\"yoast-schema-graph\">{\"@context\":\"https:\/\/schema.org\",\"@graph\":[{\"@type\":\"WebPage\",\"@id\":\"https:\/\/www.michael-krell.com\/de\/wochenende-erfolgreich-fuer-meine-athleten\/\",\"url\":\"https:\/\/www.michael-krell.com\/de\/wochenende-erfolgreich-fuer-meine-athleten\/\",\"name\":\"Wochenende erfolgreich f\u00fcr meine Athleten - Michael Krell Triathlon Coaching\",\"isPartOf\":{\"@id\":\"https:\/\/www.michael-krell.com\/en\/#website\"},\"datePublished\":\"2013-04-23T18:03:00+00:00\",\"dateModified\":\"2017-04-18T08:55:25+00:00\",\"author\":{\"@id\":\"https:\/\/www.michael-krell.com\/en\/#\/schema\/person\/17d0c03cb1e15db7305e41b6170a4237\"},\"breadcrumb\":{\"@id\":\"https:\/\/www.michael-krell.com\/de\/wochenende-erfolgreich-fuer-meine-athleten\/#breadcrumb\"},\"inLanguage\":\"en-US\",\"potentialAction\":[{\"@type\":\"ReadAction\",\"target\":[\"https:\/\/www.michael-krell.com\/de\/wochenende-erfolgreich-fuer-meine-athleten\/\"]}]},{\"@type\":\"BreadcrumbList\",\"@id\":\"https:\/\/www.michael-krell.com\/de\/wochenende-erfolgreich-fuer-meine-athleten\/#breadcrumb\",\"itemListElement\":[{\"@type\":\"ListItem\",\"position\":1,\"name\":\"Startseite\",\"item\":\"https:\/\/www.michael-krell.com\/en\/\"},{\"@type\":\"ListItem\",\"position\":2,\"name\":\"Wochenende erfolgreich f\u00fcr meine Athleten\"}]},{\"@type\":\"WebSite\",\"@id\":\"https:\/\/www.michael-krell.com\/en\/#website\",\"url\":\"https:\/\/www.michael-krell.com\/en\/\",\"name\":\"Michael Krell Triathlon Coaching\",\"description\":\"\",\"potentialAction\":[{\"@type\":\"SearchAction\",\"target\":{\"@type\":\"EntryPoint\",\"urlTemplate\":\"https:\/\/www.michael-krell.com\/en\/?s={search_term_string}\"},\"query-input\":\"required name=search_term_string\"}],\"inLanguage\":\"en-US\"},{\"@type\":\"Person\",\"@id\":\"https:\/\/www.michael-krell.com\/en\/#\/schema\/person\/17d0c03cb1e15db7305e41b6170a4237\",\"name\":\"Michael Krell\",\"image\":{\"@type\":\"ImageObject\",\"inLanguage\":\"en-US\",\"@id\":\"https:\/\/www.michael-krell.com\/en\/#\/schema\/person\/image\/\",\"url\":\"https:\/\/secure.gravatar.com\/avatar\/33e39b9fbaf6777afb9b8559d921c4d22f4fd87cba8562434fa169fa71aeb1b3?s=96&d=mm&r=g\",\"contentUrl\":\"https:\/\/secure.gravatar.com\/avatar\/33e39b9fbaf6777afb9b8559d921c4d22f4fd87cba8562434fa169fa71aeb1b3?s=96&d=mm&r=g\",\"caption\":\"Michael Krell\"},\"url\":\"https:\/\/www.michael-krell.com\/en\/author\/krelli\/\"}]}<\/script>\n<!-- \/ Yoast SEO plugin. -->","yoast_head_json":{"title":"Wochenende erfolgreich f\u00fcr meine Athleten - Michael Krell Triathlon Coaching","robots":{"index":"index","follow":"follow","max-snippet":"max-snippet:-1","max-image-preview":"max-image-preview:large","max-video-preview":"max-video-preview:-1"},"canonical":"https:\/\/www.michael-krell.com\/en\/wochenende-erfolgreich-fuer-meine-athleten\/","og_locale":"en_US","og_type":"article","og_title":"Wochenende erfolgreich f\u00fcr meine Athleten - Michael Krell Triathlon Coaching","og_description":"Michael Meisen gewinnt beim Halbmarathon Altenm\u00fcnster. Eine wellige Strecke mit \u00fcber 300 H\u00f6henmeter, umso erstaunlicher da Michael 1,98 gro\u00df und [&hellip;]","og_url":"https:\/\/www.michael-krell.com\/en\/wochenende-erfolgreich-fuer-meine-athleten\/","og_site_name":"Michael Krell Triathlon Coaching","article_published_time":"2013-04-23T18:03:00+00:00","article_modified_time":"2017-04-18T08:55:25+00:00","og_image":[{"width":1024,"height":683,"url":"https:\/\/www.michael-krell.com\/wp-content\/uploads\/2013\/04\/Siegerbild-HM-2013.jpg","type":"image\/jpeg"}],"author":"Michael Krell","twitter_card":"summary_large_image","twitter_misc":{"Written by":"Michael Krell","Est. reading time":"1 minute"},"schema":{"@context":"https:\/\/schema.org","@graph":[{"@type":"WebPage","@id":"https:\/\/www.michael-krell.com\/de\/wochenende-erfolgreich-fuer-meine-athleten\/","url":"https:\/\/www.michael-krell.com\/de\/wochenende-erfolgreich-fuer-meine-athleten\/","name":"Wochenende erfolgreich f\u00fcr meine Athleten - Michael Krell Triathlon Coaching","isPartOf":{"@id":"https:\/\/www.michael-krell.com\/en\/#website"},"datePublished":"2013-04-23T18:03:00+00:00","dateModified":"2017-04-18T08:55:25+00:00","author":{"@id":"https:\/\/www.michael-krell.com\/en\/#\/schema\/person\/17d0c03cb1e15db7305e41b6170a4237"},"breadcrumb":{"@id":"https:\/\/www.michael-krell.com\/de\/wochenende-erfolgreich-fuer-meine-athleten\/#breadcrumb"},"inLanguage":"en-US","potentialAction":[{"@type":"ReadAction","target":["https:\/\/www.michael-krell.com\/de\/wochenende-erfolgreich-fuer-meine-athleten\/"]}]},{"@type":"BreadcrumbList","@id":"https:\/\/www.michael-krell.com\/de\/wochenende-erfolgreich-fuer-meine-athleten\/#breadcrumb","itemListElement":[{"@type":"ListItem","position":1,"name":"Startseite","item":"https:\/\/www.michael-krell.com\/en\/"},{"@type":"ListItem","position":2,"name":"Wochenende erfolgreich f\u00fcr meine Athleten"}]},{"@type":"WebSite","@id":"https:\/\/www.michael-krell.com\/en\/#website","url":"https:\/\/www.michael-krell.com\/en\/","name":"Michael Krell Triathlon Coaching","description":"","potentialAction":[{"@type":"SearchAction","target":{"@type":"EntryPoint","urlTemplate":"https:\/\/www.michael-krell.com\/en\/?s={search_term_string}"},"query-input":"required name=search_term_string"}],"inLanguage":"en-US"},{"@type":"Person","@id":"https:\/\/www.michael-krell.com\/en\/#\/schema\/person\/17d0c03cb1e15db7305e41b6170a4237","name":"Michael Krell","image":{"@type":"ImageObject","inLanguage":"en-US","@id":"https:\/\/www.michael-krell.com\/en\/#\/schema\/person\/image\/","url":"https:\/\/secure.gravatar.com\/avatar\/33e39b9fbaf6777afb9b8559d921c4d22f4fd87cba8562434fa169fa71aeb1b3?s=96&d=mm&r=g","contentUrl":"https:\/\/secure.gravatar.com\/avatar\/33e39b9fbaf6777afb9b8559d921c4d22f4fd87cba8562434fa169fa71aeb1b3?s=96&d=mm&r=g","caption":"Michael Krell"},"url":"https:\/\/www.michael-krell.com\/en\/author\/krelli\/"}]}},"_links":{"self":[{"href":"https:\/\/www.michael-krell.com\/en\/wp-json\/wp\/v2\/posts\/318","targetHints":{"allow":["GET"]}}],"collection":[{"href":"https:\/\/www.michael-krell.com\/en\/wp-json\/wp\/v2\/posts"}],"about":[{"href":"https:\/\/www.michael-krell.com\/en\/wp-json\/wp\/v2\/types\/post"}],"author":[{"embeddable":true,"href":"https:\/\/www.michael-krell.com\/en\/wp-json\/wp\/v2\/users\/2"}],"replies":[{"embeddable":true,"href":"https:\/\/www.michael-krell.com\/en\/wp-json\/wp\/v2\/comments?post=318"}],"version-history":[{"count":1,"href":"https:\/\/www.michael-krell.com\/en\/wp-json\/wp\/v2\/posts\/318\/revisions"}],"predecessor-version":[{"id":3420,"href":"https:\/\/www.michael-krell.com\/en\/wp-json\/wp\/v2\/posts\/318\/revisions\/3420"}],"wp:featuredmedia":[{"embeddable":true,"href":"https:\/\/www.michael-krell.com\/en\/wp-json\/wp\/v2\/media\/1326"}],"wp:attachment":[{"href":"https:\/\/www.michael-krell.com\/en\/wp-json\/wp\/v2\/media?parent=318"}],"wp:term":[{"taxonomy":"category","embeddable":true,"href":"https:\/\/www.michael-krell.com\/en\/wp-json\/wp\/v2\/categories?post=318"},{"taxonomy":"post_tag","embeddable":true,"href":"https:\/\/www.michael-krell.com\/en\/wp-json\/wp\/v2\/tags?post=318"}],"curies":[{"name":"wp","href":"https:\/\/api.w.org\/{rel}","templated":true}]}}