{"id":4778,"date":"2018-11-26T20:14:19","date_gmt":"2018-11-26T19:14:19","guid":{"rendered":"http:\/\/www.michael-krell.com\/?p=4778"},"modified":"2018-11-26T20:14:19","modified_gmt":"2018-11-26T19:14:19","slug":"trainingscamp-zypern-november-2018-schwerpunkt-schwimmen","status":"publish","type":"post","link":"https:\/\/www.michael-krell.com\/en\/trainingscamp-zypern-november-2018-schwerpunkt-schwimmen\/","title":{"rendered":"Training camp Cyprus November 2018 - focus on swimming"},"content":{"rendered":"<p><a href=\"http:\/\/www.michael-krell.com\/wp-content\/uploads\/2018\/11\/WhatsApp-Image-2018-11-23-at-12.05.22.jpeg\"><img loading=\"lazy\" decoding=\"async\" class=\"alignleft size-medium wp-image-4775\" src=\"http:\/\/www.michael-krell.com\/wp-content\/uploads\/2018\/11\/WhatsApp-Image-2018-11-23-at-12.05.22-300x225.jpeg\" alt=\"\" width=\"300\" height=\"225\" srcset=\"https:\/\/www.michael-krell.com\/wp-content\/uploads\/2018\/11\/WhatsApp-Image-2018-11-23-at-12.05.22-300x225.jpeg 300w, https:\/\/www.michael-krell.com\/wp-content\/uploads\/2018\/11\/WhatsApp-Image-2018-11-23-at-12.05.22-768x576.jpeg 768w, https:\/\/www.michael-krell.com\/wp-content\/uploads\/2018\/11\/WhatsApp-Image-2018-11-23-at-12.05.22.jpeg 1600w\" sizes=\"auto, (max-width: 300px) 100vw, 300px\" \/><\/a>Sunny greetings from Cyprus!<\/p>\n<p>For this year we have considered extending the summer a bit and organizing a first training camp in Cyprus at the end of November. This time the focus was on the first discipline, swimming. That means daily in the pool and sometimes an additional second unit in the sea in the afternoon. As always, the island&#039;s weather was at its best and we could rely on temperatures above 20 degrees.<\/p>\n<p>As triathletes are like that, cycling should of course not be neglected. For this reason, there was still a lot of training kilometers on top, through the beautiful and at the same time quiet back landscape around Paphos. Some brave participants also came each morning before breakfast for a run along the promenade, while the trainer turned around in bed.<\/p>\n<p>Without the help of Julia and my co-organizer Peter Klemm, none of this would have been possible, so once again a big thank you to both of them! If you want to join us next time, there will soon be a new opportunity. In March we are back for our big spring camp. You can find more information at: <a href=\"https:\/\/www.trainingcamps-zypern.de\/\">www.trainingcamps-z\u00fcben.de<\/a><\/p>\n<p>good training &amp; a nice start to the week!<\/p>\n<p>Michael<\/p>\n<p><a href=\"http:\/\/www.michael-krell.com\/wp-content\/uploads\/2018\/11\/WhatsApp-Image-2018-11-24-at-16.49.42.jpeg\"><img loading=\"lazy\" decoding=\"async\" class=\"alignleft size-medium wp-image-4777\" src=\"http:\/\/www.michael-krell.com\/wp-content\/uploads\/2018\/11\/WhatsApp-Image-2018-11-24-at-16.49.42-300x225.jpeg\" alt=\"\" width=\"300\" height=\"225\" srcset=\"https:\/\/www.michael-krell.com\/wp-content\/uploads\/2018\/11\/WhatsApp-Image-2018-11-24-at-16.49.42-300x225.jpeg 300w, https:\/\/www.michael-krell.com\/wp-content\/uploads\/2018\/11\/WhatsApp-Image-2018-11-24-at-16.49.42-768x576.jpeg 768w, https:\/\/www.michael-krell.com\/wp-content\/uploads\/2018\/11\/WhatsApp-Image-2018-11-24-at-16.49.42.jpeg 1600w\" sizes=\"auto, (max-width: 300px) 100vw, 300px\" \/><\/a><a href=\"http:\/\/www.michael-krell.com\/wp-content\/uploads\/2018\/11\/WhatsApp-Image-2018-11-25-at-15.01.01.jpeg\"><img loading=\"lazy\" decoding=\"async\" class=\"alignleft size-medium wp-image-4776\" src=\"http:\/\/www.michael-krell.com\/wp-content\/uploads\/2018\/11\/WhatsApp-Image-2018-11-25-at-15.01.01-300x225.jpeg\" alt=\"\" width=\"300\" height=\"225\" srcset=\"https:\/\/www.michael-krell.com\/wp-content\/uploads\/2018\/11\/WhatsApp-Image-2018-11-25-at-15.01.01-300x225.jpeg 300w, https:\/\/www.michael-krell.com\/wp-content\/uploads\/2018\/11\/WhatsApp-Image-2018-11-25-at-15.01.01-768x576.jpeg 768w, https:\/\/www.michael-krell.com\/wp-content\/uploads\/2018\/11\/WhatsApp-Image-2018-11-25-at-15.01.01.jpeg 1600w\" sizes=\"auto, (max-width: 300px) 100vw, 300px\" \/><\/a><a href=\"http:\/\/www.michael-krell.com\/wp-content\/uploads\/2018\/11\/WhatsApp-Image-2018-11-23-at-12.17.00.jpeg\"><img loading=\"lazy\" decoding=\"async\" class=\"alignleft size-medium wp-image-4774\" src=\"http:\/\/www.michael-krell.com\/wp-content\/uploads\/2018\/11\/WhatsApp-Image-2018-11-23-at-12.17.00-300x225.jpeg\" alt=\"\" width=\"300\" height=\"225\" srcset=\"https:\/\/www.michael-krell.com\/wp-content\/uploads\/2018\/11\/WhatsApp-Image-2018-11-23-at-12.17.00-300x225.jpeg 300w, https:\/\/www.michael-krell.com\/wp-content\/uploads\/2018\/11\/WhatsApp-Image-2018-11-23-at-12.17.00-768x576.jpeg 768w, https:\/\/www.michael-krell.com\/wp-content\/uploads\/2018\/11\/WhatsApp-Image-2018-11-23-at-12.17.00.jpeg 1600w\" sizes=\"auto, (max-width: 300px) 100vw, 300px\" \/><\/a><a href=\"http:\/\/www.michael-krell.com\/wp-content\/uploads\/2018\/11\/WhatsApp-Image-2018-11-24-at-18.16.16.jpeg\"><img loading=\"lazy\" decoding=\"async\" class=\"alignleft size-medium wp-image-4783\" src=\"http:\/\/www.michael-krell.com\/wp-content\/uploads\/2018\/11\/WhatsApp-Image-2018-11-24-at-18.16.16-300x225.jpeg\" alt=\"\" width=\"300\" height=\"225\" srcset=\"https:\/\/www.michael-krell.com\/wp-content\/uploads\/2018\/11\/WhatsApp-Image-2018-11-24-at-18.16.16-300x225.jpeg 300w, https:\/\/www.michael-krell.com\/wp-content\/uploads\/2018\/11\/WhatsApp-Image-2018-11-24-at-18.16.16-768x576.jpeg 768w, https:\/\/www.michael-krell.com\/wp-content\/uploads\/2018\/11\/WhatsApp-Image-2018-11-24-at-18.16.16.jpeg 1600w\" sizes=\"auto, (max-width: 300px) 100vw, 300px\" \/><\/a><a href=\"http:\/\/www.michael-krell.com\/wp-content\/uploads\/2018\/11\/WhatsApp-Image-2018-11-22-at-17.02.14.jpeg\"><img loading=\"lazy\" decoding=\"async\" class=\"alignleft size-medium wp-image-4782\" src=\"http:\/\/www.michael-krell.com\/wp-content\/uploads\/2018\/11\/WhatsApp-Image-2018-11-22-at-17.02.14-300x225.jpeg\" alt=\"\" width=\"300\" height=\"225\" srcset=\"https:\/\/www.michael-krell.com\/wp-content\/uploads\/2018\/11\/WhatsApp-Image-2018-11-22-at-17.02.14-300x225.jpeg 300w, https:\/\/www.michael-krell.com\/wp-content\/uploads\/2018\/11\/WhatsApp-Image-2018-11-22-at-17.02.14-768x577.jpeg 768w, https:\/\/www.michael-krell.com\/wp-content\/uploads\/2018\/11\/WhatsApp-Image-2018-11-22-at-17.02.14.jpeg 1600w\" sizes=\"auto, (max-width: 300px) 100vw, 300px\" \/><\/a><a href=\"http:\/\/www.michael-krell.com\/wp-content\/uploads\/2018\/11\/WhatsApp-Image-2018-11-23-at-12.05.23.jpeg\"><img loading=\"lazy\" decoding=\"async\" class=\"alignleft size-medium wp-image-4784\" src=\"http:\/\/www.michael-krell.com\/wp-content\/uploads\/2018\/11\/WhatsApp-Image-2018-11-23-at-12.05.23-300x225.jpeg\" alt=\"\" width=\"300\" height=\"225\" srcset=\"https:\/\/www.michael-krell.com\/wp-content\/uploads\/2018\/11\/WhatsApp-Image-2018-11-23-at-12.05.23-300x225.jpeg 300w, https:\/\/www.michael-krell.com\/wp-content\/uploads\/2018\/11\/WhatsApp-Image-2018-11-23-at-12.05.23-768x576.jpeg 768w, https:\/\/www.michael-krell.com\/wp-content\/uploads\/2018\/11\/WhatsApp-Image-2018-11-23-at-12.05.23.jpeg 1600w\" sizes=\"auto, (max-width: 300px) 100vw, 300px\" \/><\/a><\/p>","protected":false},"excerpt":{"rendered":"<p>Sunny greetings from Cyprus! For this year we have considered extending the summer a little and at the end of November a first [...]<\/p>","protected":false},"author":2,"featured_media":4773,"comment_status":"closed","ping_status":"open","sticky":false,"template":"","format":"standard","meta":{"footnotes":""},"categories":[1219],"tags":[1123,1189,1187,1235,1215,1122,1081,1186,1188,1080],"class_list":["post-4778","post","type-post","status-publish","format-standard","has-post-thumbnail","hentry","category-coaching","tag-camp-zypern","tag-krelli","tag-michael-krell","tag-schwimmcamp","tag-trainingscamp","tag-trainingslager-zypern","tag-triathlon-coach-2","tag-triathlon-coaching","tag-triathlon-trainer","tag-triathlon-training-2"],"yoast_head":"<!-- This site is optimized with the Yoast SEO plugin v19.8 - https:\/\/yoast.com\/wordpress\/plugins\/seo\/ -->\n<title>Trainingscamp Zypern November 2018 - Schwerpunkt Schwimmen - Michael Krell Triathlon Coaching<\/title>\n<meta name=\"robots\" content=\"index, follow, max-snippet:-1, max-image-preview:large, max-video-preview:-1\" \/>\n<link rel=\"canonical\" href=\"https:\/\/www.michael-krell.com\/en\/trainingscamp-zypern-november-2018-schwerpunkt-schwimmen\/\" \/>\n<meta property=\"og:locale\" content=\"en_US\" \/>\n<meta property=\"og:type\" content=\"article\" \/>\n<meta property=\"og:title\" content=\"Trainingscamp Zypern November 2018 - Schwerpunkt Schwimmen - Michael Krell Triathlon Coaching\" \/>\n<meta property=\"og:description\" content=\"Sonnige Gr\u00fc\u00dfe aus Zypern! F\u00fcr heuer haben wir uns \u00fcberlegt den Sommer etwas zu verl\u00e4ngern und Ende November ein erstes [&hellip;]\" \/>\n<meta property=\"og:url\" content=\"https:\/\/www.michael-krell.com\/en\/trainingscamp-zypern-november-2018-schwerpunkt-schwimmen\/\" \/>\n<meta property=\"og:site_name\" content=\"Michael Krell Triathlon Coaching\" \/>\n<meta property=\"article:published_time\" content=\"2018-11-26T19:14:19+00:00\" \/>\n<meta property=\"og:image\" content=\"https:\/\/www.michael-krell.com\/wp-content\/uploads\/2018\/11\/WhatsApp-Image-2018-11-26-at-18.39.23.jpeg\" \/>\n\t<meta property=\"og:image:width\" content=\"1352\" \/>\n\t<meta property=\"og:image:height\" content=\"760\" \/>\n\t<meta property=\"og:image:type\" content=\"image\/jpeg\" \/>\n<meta name=\"author\" content=\"Michael Krell\" \/>\n<meta name=\"twitter:card\" content=\"summary_large_image\" \/>\n<meta name=\"twitter:label1\" content=\"Written by\" \/>\n\t<meta name=\"twitter:data1\" content=\"Michael Krell\" \/>\n\t<meta name=\"twitter:label2\" content=\"Est. reading time\" \/>\n\t<meta name=\"twitter:data2\" content=\"1 minute\" \/>\n<script type=\"application\/ld+json\" class=\"yoast-schema-graph\">{\"@context\":\"https:\/\/schema.org\",\"@graph\":[{\"@type\":\"WebPage\",\"@id\":\"https:\/\/www.michael-krell.com\/en\/trainingscamp-zypern-november-2018-schwerpunkt-schwimmen\/\",\"url\":\"https:\/\/www.michael-krell.com\/en\/trainingscamp-zypern-november-2018-schwerpunkt-schwimmen\/\",\"name\":\"Trainingscamp Zypern November 2018 - Schwerpunkt Schwimmen - Michael Krell Triathlon Coaching\",\"isPartOf\":{\"@id\":\"https:\/\/www.michael-krell.com\/en\/#website\"},\"datePublished\":\"2018-11-26T19:14:19+00:00\",\"dateModified\":\"2018-11-26T19:14:19+00:00\",\"author\":{\"@id\":\"https:\/\/www.michael-krell.com\/en\/#\/schema\/person\/17d0c03cb1e15db7305e41b6170a4237\"},\"breadcrumb\":{\"@id\":\"https:\/\/www.michael-krell.com\/en\/trainingscamp-zypern-november-2018-schwerpunkt-schwimmen\/#breadcrumb\"},\"inLanguage\":\"en-US\",\"potentialAction\":[{\"@type\":\"ReadAction\",\"target\":[\"https:\/\/www.michael-krell.com\/en\/trainingscamp-zypern-november-2018-schwerpunkt-schwimmen\/\"]}]},{\"@type\":\"BreadcrumbList\",\"@id\":\"https:\/\/www.michael-krell.com\/en\/trainingscamp-zypern-november-2018-schwerpunkt-schwimmen\/#breadcrumb\",\"itemListElement\":[{\"@type\":\"ListItem\",\"position\":1,\"name\":\"Startseite\",\"item\":\"https:\/\/www.michael-krell.com\/en\/\"},{\"@type\":\"ListItem\",\"position\":2,\"name\":\"Trainingscamp Zypern November 2018 &#8211; Schwerpunkt Schwimmen\"}]},{\"@type\":\"WebSite\",\"@id\":\"https:\/\/www.michael-krell.com\/en\/#website\",\"url\":\"https:\/\/www.michael-krell.com\/en\/\",\"name\":\"Michael Krell Triathlon Coaching\",\"description\":\"\",\"potentialAction\":[{\"@type\":\"SearchAction\",\"target\":{\"@type\":\"EntryPoint\",\"urlTemplate\":\"https:\/\/www.michael-krell.com\/en\/?s={search_term_string}\"},\"query-input\":\"required name=search_term_string\"}],\"inLanguage\":\"en-US\"},{\"@type\":\"Person\",\"@id\":\"https:\/\/www.michael-krell.com\/en\/#\/schema\/person\/17d0c03cb1e15db7305e41b6170a4237\",\"name\":\"Michael Krell\",\"image\":{\"@type\":\"ImageObject\",\"inLanguage\":\"en-US\",\"@id\":\"https:\/\/www.michael-krell.com\/en\/#\/schema\/person\/image\/\",\"url\":\"https:\/\/secure.gravatar.com\/avatar\/33e39b9fbaf6777afb9b8559d921c4d22f4fd87cba8562434fa169fa71aeb1b3?s=96&d=mm&r=g\",\"contentUrl\":\"https:\/\/secure.gravatar.com\/avatar\/33e39b9fbaf6777afb9b8559d921c4d22f4fd87cba8562434fa169fa71aeb1b3?s=96&d=mm&r=g\",\"caption\":\"Michael Krell\"},\"url\":\"https:\/\/www.michael-krell.com\/en\/author\/krelli\/\"}]}<\/script>\n<!-- \/ Yoast SEO plugin. -->","yoast_head_json":{"title":"Trainingscamp Zypern November 2018 - Schwerpunkt Schwimmen - Michael Krell Triathlon Coaching","robots":{"index":"index","follow":"follow","max-snippet":"max-snippet:-1","max-image-preview":"max-image-preview:large","max-video-preview":"max-video-preview:-1"},"canonical":"https:\/\/www.michael-krell.com\/en\/trainingscamp-zypern-november-2018-schwerpunkt-schwimmen\/","og_locale":"en_US","og_type":"article","og_title":"Trainingscamp Zypern November 2018 - Schwerpunkt Schwimmen - Michael Krell Triathlon Coaching","og_description":"Sonnige Gr\u00fc\u00dfe aus Zypern! F\u00fcr heuer haben wir uns \u00fcberlegt den Sommer etwas zu verl\u00e4ngern und Ende November ein erstes [&hellip;]","og_url":"https:\/\/www.michael-krell.com\/en\/trainingscamp-zypern-november-2018-schwerpunkt-schwimmen\/","og_site_name":"Michael Krell Triathlon Coaching","article_published_time":"2018-11-26T19:14:19+00:00","og_image":[{"width":1352,"height":760,"url":"https:\/\/www.michael-krell.com\/wp-content\/uploads\/2018\/11\/WhatsApp-Image-2018-11-26-at-18.39.23.jpeg","type":"image\/jpeg"}],"author":"Michael Krell","twitter_card":"summary_large_image","twitter_misc":{"Written by":"Michael Krell","Est. reading time":"1 minute"},"schema":{"@context":"https:\/\/schema.org","@graph":[{"@type":"WebPage","@id":"https:\/\/www.michael-krell.com\/en\/trainingscamp-zypern-november-2018-schwerpunkt-schwimmen\/","url":"https:\/\/www.michael-krell.com\/en\/trainingscamp-zypern-november-2018-schwerpunkt-schwimmen\/","name":"Trainingscamp Zypern November 2018 - Schwerpunkt Schwimmen - Michael Krell Triathlon Coaching","isPartOf":{"@id":"https:\/\/www.michael-krell.com\/en\/#website"},"datePublished":"2018-11-26T19:14:19+00:00","dateModified":"2018-11-26T19:14:19+00:00","author":{"@id":"https:\/\/www.michael-krell.com\/en\/#\/schema\/person\/17d0c03cb1e15db7305e41b6170a4237"},"breadcrumb":{"@id":"https:\/\/www.michael-krell.com\/en\/trainingscamp-zypern-november-2018-schwerpunkt-schwimmen\/#breadcrumb"},"inLanguage":"en-US","potentialAction":[{"@type":"ReadAction","target":["https:\/\/www.michael-krell.com\/en\/trainingscamp-zypern-november-2018-schwerpunkt-schwimmen\/"]}]},{"@type":"BreadcrumbList","@id":"https:\/\/www.michael-krell.com\/en\/trainingscamp-zypern-november-2018-schwerpunkt-schwimmen\/#breadcrumb","itemListElement":[{"@type":"ListItem","position":1,"name":"Startseite","item":"https:\/\/www.michael-krell.com\/en\/"},{"@type":"ListItem","position":2,"name":"Trainingscamp Zypern November 2018 &#8211; Schwerpunkt Schwimmen"}]},{"@type":"WebSite","@id":"https:\/\/www.michael-krell.com\/en\/#website","url":"https:\/\/www.michael-krell.com\/en\/","name":"Michael Krell Triathlon Coaching","description":"","potentialAction":[{"@type":"SearchAction","target":{"@type":"EntryPoint","urlTemplate":"https:\/\/www.michael-krell.com\/en\/?s={search_term_string}"},"query-input":"required name=search_term_string"}],"inLanguage":"en-US"},{"@type":"Person","@id":"https:\/\/www.michael-krell.com\/en\/#\/schema\/person\/17d0c03cb1e15db7305e41b6170a4237","name":"Michael Krell","image":{"@type":"ImageObject","inLanguage":"en-US","@id":"https:\/\/www.michael-krell.com\/en\/#\/schema\/person\/image\/","url":"https:\/\/secure.gravatar.com\/avatar\/33e39b9fbaf6777afb9b8559d921c4d22f4fd87cba8562434fa169fa71aeb1b3?s=96&d=mm&r=g","contentUrl":"https:\/\/secure.gravatar.com\/avatar\/33e39b9fbaf6777afb9b8559d921c4d22f4fd87cba8562434fa169fa71aeb1b3?s=96&d=mm&r=g","caption":"Michael Krell"},"url":"https:\/\/www.michael-krell.com\/en\/author\/krelli\/"}]}},"_links":{"self":[{"href":"https:\/\/www.michael-krell.com\/en\/wp-json\/wp\/v2\/posts\/4778","targetHints":{"allow":["GET"]}}],"collection":[{"href":"https:\/\/www.michael-krell.com\/en\/wp-json\/wp\/v2\/posts"}],"about":[{"href":"https:\/\/www.michael-krell.com\/en\/wp-json\/wp\/v2\/types\/post"}],"author":[{"embeddable":true,"href":"https:\/\/www.michael-krell.com\/en\/wp-json\/wp\/v2\/users\/2"}],"replies":[{"embeddable":true,"href":"https:\/\/www.michael-krell.com\/en\/wp-json\/wp\/v2\/comments?post=4778"}],"version-history":[{"count":8,"href":"https:\/\/www.michael-krell.com\/en\/wp-json\/wp\/v2\/posts\/4778\/revisions"}],"predecessor-version":[{"id":4789,"href":"https:\/\/www.michael-krell.com\/en\/wp-json\/wp\/v2\/posts\/4778\/revisions\/4789"}],"wp:featuredmedia":[{"embeddable":true,"href":"https:\/\/www.michael-krell.com\/en\/wp-json\/wp\/v2\/media\/4773"}],"wp:attachment":[{"href":"https:\/\/www.michael-krell.com\/en\/wp-json\/wp\/v2\/media?parent=4778"}],"wp:term":[{"taxonomy":"category","embeddable":true,"href":"https:\/\/www.michael-krell.com\/en\/wp-json\/wp\/v2\/categories?post=4778"},{"taxonomy":"post_tag","embeddable":true,"href":"https:\/\/www.michael-krell.com\/en\/wp-json\/wp\/v2\/tags?post=4778"}],"curies":[{"name":"wp","href":"https:\/\/api.w.org\/{rel}","templated":true}]}}