{"id":5463,"date":"2023-06-29T07:10:29","date_gmt":"2023-06-29T05:10:29","guid":{"rendered":"https:\/\/www.michael-krell.com\/?p=5463"},"modified":"2023-06-29T07:18:49","modified_gmt":"2023-06-29T05:18:49","slug":"athletin-julia-langdistanzdebut-in-926-std","status":"publish","type":"post","link":"https:\/\/www.michael-krell.com\/en\/athletin-julia-langdistanzdebut-in-926-std\/","title":{"rendered":"Athlete Julia long distance debut in 9:26 hrs."},"content":{"rendered":"<p><a href=\"https:\/\/www.michael-krell.com\/wp-content\/uploads\/2023\/06\/Julia-Roth-23-9_26-Std.jpg\" rel=\"noopener\"><img loading=\"lazy\" decoding=\"async\" class=\"alignleft wp-image-5462\" src=\"https:\/\/www.michael-krell.com\/wp-content\/uploads\/2023\/06\/Julia-Roth-23-9_26-Std-169x300.jpg\" alt=\"\" width=\"250\" height=\"445\" srcset=\"https:\/\/www.michael-krell.com\/wp-content\/uploads\/2023\/06\/Julia-Roth-23-9_26-Std-169x300.jpg 169w, https:\/\/www.michael-krell.com\/wp-content\/uploads\/2023\/06\/Julia-Roth-23-9_26-Std-768x1366.jpg 768w, https:\/\/www.michael-krell.com\/wp-content\/uploads\/2023\/06\/Julia-Roth-23-9_26-Std-7x12.jpg 7w, https:\/\/www.michael-krell.com\/wp-content\/uploads\/2023\/06\/Julia-Roth-23-9_26-Std.jpg 776w\" sizes=\"auto, (max-width: 250px) 100vw, 250px\" \/><\/a>Last week was all about the largest triathlon in the world, the Challenge Roth near Nuremberg.<\/p>\n<p>Although I&#039;ve started here four times myself, the atmosphere is special every time. Even if you&#039;re only out and about as a spectator and supervisor, you can put yourself in the athletes&#039; shoes when it&#039;s very early in the morning in the direction of the canal for the swim start. The excitement and anticipation is palpable everywhere.<\/p>\n<p>This year it was again a great race and up to 300,000 spectators are said to have been at the route. Compared to the previous year, there was a lot more going on in the run-up to the trade fair. On the day of the race itself, I closed the booth and looked after my athletes, of course. I&#039;m really proud of every single one and try to cheer and motivate everywhere on the track.<\/p>\n<p>This time my wife Julia was there too. She has been loyal to triathlon for a long time, but so far only over the short distances. After completing her first middle distance a few weeks ago in Ingolstadt, this time it was time for the big final, the long distance. It went really well from start to finish. It never hit a low point and it almost effortlessly undercut our goals that we had set beforehand. After the finish line, an absolutely sensational debut of 9:26 hours was in the books.<\/p>\n<p>Sunny greetings to all starters, have a good rest!<\/p>\n<p>Michael<\/p>","protected":false},"excerpt":{"rendered":"<p>Letzte Woche stand ganz im Zeichen des gr\u00f6\u00dften Triathlons der Welt, dem Challenge Roth bei N\u00fcrnberg. Obwohl ich selber schon [&hellip;]<\/p>\n","protected":false},"author":2,"featured_media":5462,"comment_status":"closed","ping_status":"open","sticky":false,"template":"","format":"standard","meta":{"footnotes":""},"categories":[1219],"tags":[1203,1394,1189,1201,1187,1215,1122,1081,1186,1188,1080],"class_list":["post-5463","post","type-post","status-publish","format-standard","has-post-thumbnail","hentry","category-coaching","tag-challenge-roth","tag-julia-krell","tag-krelli","tag-langdistanz","tag-michael-krell","tag-trainingscamp","tag-trainingslager-zypern","tag-triathlon-coach-2","tag-triathlon-coaching","tag-triathlon-trainer","tag-triathlon-training-2"],"yoast_head":"<!-- This site is optimized with the Yoast SEO plugin v28.4 - https:\/\/yoast.com\/product\/yoast-seo-wordpress\/ -->\n<title>Athletin Julia Langdistanzdebut in 9:26 Std. - Michael Krell Triathlon Coaching<\/title>\n<meta name=\"robots\" content=\"index, follow, max-snippet:-1, max-image-preview:large, max-video-preview:-1\" \/>\n<link rel=\"canonical\" href=\"https:\/\/www.michael-krell.com\/en\/athletin-julia-langdistanzdebut-in-926-std\/\" \/>\n<meta property=\"og:locale\" content=\"en_US\" \/>\n<meta property=\"og:type\" content=\"article\" \/>\n<meta property=\"og:title\" content=\"Athletin Julia Langdistanzdebut in 9:26 Std. - Michael Krell Triathlon Coaching\" \/>\n<meta property=\"og:description\" content=\"Letzte Woche stand ganz im Zeichen des gr\u00f6\u00dften Triathlons der Welt, dem Challenge Roth bei N\u00fcrnberg. Obwohl ich selber schon [&hellip;]\" \/>\n<meta property=\"og:url\" content=\"https:\/\/www.michael-krell.com\/en\/athletin-julia-langdistanzdebut-in-926-std\/\" \/>\n<meta property=\"og:site_name\" content=\"Michael Krell Triathlon Coaching\" \/>\n<meta property=\"article:published_time\" content=\"2023-06-29T05:10:29+00:00\" \/>\n<meta property=\"article:modified_time\" content=\"2023-06-29T05:18:49+00:00\" \/>\n<meta property=\"og:image\" content=\"https:\/\/www.michael-krell.com\/wp-content\/uploads\/2023\/06\/Julia-Roth-23-9_26-Std.jpg\" \/>\n\t<meta property=\"og:image:width\" content=\"776\" \/>\n\t<meta property=\"og:image:height\" content=\"1380\" \/>\n\t<meta property=\"og:image:type\" content=\"image\/jpeg\" \/>\n<meta name=\"author\" content=\"Michael Krell\" \/>\n<meta name=\"twitter:card\" content=\"summary_large_image\" \/>\n<meta name=\"twitter:label1\" content=\"Written by\" \/>\n\t<meta name=\"twitter:data1\" content=\"Michael Krell\" \/>\n\t<meta name=\"twitter:label2\" content=\"Est. reading time\" \/>\n\t<meta name=\"twitter:data2\" content=\"1 minute\" \/>\n<script type=\"application\/ld+json\" class=\"yoast-schema-graph\">{\"@context\":\"https:\\\/\\\/schema.org\",\"@graph\":[{\"@type\":\"Article\",\"@id\":\"https:\\\/\\\/www.michael-krell.com\\\/en\\\/athletin-julia-langdistanzdebut-in-926-std\\\/#article\",\"isPartOf\":{\"@id\":\"https:\\\/\\\/www.michael-krell.com\\\/en\\\/athletin-julia-langdistanzdebut-in-926-std\\\/\"},\"author\":{\"name\":\"Michael Krell\",\"@id\":\"https:\\\/\\\/www.michael-krell.com\\\/en\\\/#\\\/schema\\\/person\\\/e5b466996ad26538a3241fcdb2d393d2\"},\"headline\":\"Athletin Julia Langdistanzdebut in 9:26 Std.\",\"datePublished\":\"2023-06-29T05:10:29+00:00\",\"dateModified\":\"2023-06-29T05:18:49+00:00\",\"mainEntityOfPage\":{\"@id\":\"https:\\\/\\\/www.michael-krell.com\\\/en\\\/athletin-julia-langdistanzdebut-in-926-std\\\/\"},\"wordCount\":235,\"image\":{\"@id\":\"https:\\\/\\\/www.michael-krell.com\\\/en\\\/athletin-julia-langdistanzdebut-in-926-std\\\/#primaryimage\"},\"thumbnailUrl\":\"https:\\\/\\\/www.michael-krell.com\\\/wp-content\\\/uploads\\\/2023\\\/06\\\/Julia-Roth-23-9_26-Std.jpg\",\"keywords\":[\"Challenge Roth\",\"Julia Krell\",\"krelli\",\"Langdistanz\",\"Michael Krell\",\"Trainingscamp\",\"Trainingslager Zypern\",\"triathlon coach\",\"triathlon coaching\",\"triathlon trainer\",\"triathlon training\"],\"articleSection\":[\"Coaching\"],\"inLanguage\":\"en-US\"},{\"@type\":\"WebPage\",\"@id\":\"https:\\\/\\\/www.michael-krell.com\\\/en\\\/athletin-julia-langdistanzdebut-in-926-std\\\/\",\"url\":\"https:\\\/\\\/www.michael-krell.com\\\/en\\\/athletin-julia-langdistanzdebut-in-926-std\\\/\",\"name\":\"Athletin Julia Langdistanzdebut in 9:26 Std. - Michael Krell Triathlon Coaching\",\"isPartOf\":{\"@id\":\"https:\\\/\\\/www.michael-krell.com\\\/en\\\/#website\"},\"primaryImageOfPage\":{\"@id\":\"https:\\\/\\\/www.michael-krell.com\\\/en\\\/athletin-julia-langdistanzdebut-in-926-std\\\/#primaryimage\"},\"image\":{\"@id\":\"https:\\\/\\\/www.michael-krell.com\\\/en\\\/athletin-julia-langdistanzdebut-in-926-std\\\/#primaryimage\"},\"thumbnailUrl\":\"https:\\\/\\\/www.michael-krell.com\\\/wp-content\\\/uploads\\\/2023\\\/06\\\/Julia-Roth-23-9_26-Std.jpg\",\"datePublished\":\"2023-06-29T05:10:29+00:00\",\"dateModified\":\"2023-06-29T05:18:49+00:00\",\"author\":{\"@id\":\"https:\\\/\\\/www.michael-krell.com\\\/en\\\/#\\\/schema\\\/person\\\/e5b466996ad26538a3241fcdb2d393d2\"},\"breadcrumb\":{\"@id\":\"https:\\\/\\\/www.michael-krell.com\\\/en\\\/athletin-julia-langdistanzdebut-in-926-std\\\/#breadcrumb\"},\"inLanguage\":\"en-US\",\"potentialAction\":[{\"@type\":\"ReadAction\",\"target\":[\"https:\\\/\\\/www.michael-krell.com\\\/en\\\/athletin-julia-langdistanzdebut-in-926-std\\\/\"]}]},{\"@type\":\"ImageObject\",\"inLanguage\":\"en-US\",\"@id\":\"https:\\\/\\\/www.michael-krell.com\\\/en\\\/athletin-julia-langdistanzdebut-in-926-std\\\/#primaryimage\",\"url\":\"https:\\\/\\\/www.michael-krell.com\\\/wp-content\\\/uploads\\\/2023\\\/06\\\/Julia-Roth-23-9_26-Std.jpg\",\"contentUrl\":\"https:\\\/\\\/www.michael-krell.com\\\/wp-content\\\/uploads\\\/2023\\\/06\\\/Julia-Roth-23-9_26-Std.jpg\",\"width\":776,\"height\":1380},{\"@type\":\"BreadcrumbList\",\"@id\":\"https:\\\/\\\/www.michael-krell.com\\\/en\\\/athletin-julia-langdistanzdebut-in-926-std\\\/#breadcrumb\",\"itemListElement\":[{\"@type\":\"ListItem\",\"position\":1,\"name\":\"Startseite\",\"item\":\"https:\\\/\\\/www.michael-krell.com\\\/\"},{\"@type\":\"ListItem\",\"position\":2,\"name\":\"Athletin Julia Langdistanzdebut in 9:26 Std.\"}]},{\"@type\":\"WebSite\",\"@id\":\"https:\\\/\\\/www.michael-krell.com\\\/en\\\/#website\",\"url\":\"https:\\\/\\\/www.michael-krell.com\\\/en\\\/\",\"name\":\"Michael Krell Triathlon Coaching\",\"description\":\"\",\"potentialAction\":[{\"@type\":\"SearchAction\",\"target\":{\"@type\":\"EntryPoint\",\"urlTemplate\":\"https:\\\/\\\/www.michael-krell.com\\\/en\\\/?s={search_term_string}\"},\"query-input\":{\"@type\":\"PropertyValueSpecification\",\"valueRequired\":true,\"valueName\":\"search_term_string\"}}],\"inLanguage\":\"en-US\"},{\"@type\":\"Person\",\"@id\":\"https:\\\/\\\/www.michael-krell.com\\\/en\\\/#\\\/schema\\\/person\\\/e5b466996ad26538a3241fcdb2d393d2\",\"name\":\"Michael Krell\",\"image\":{\"@type\":\"ImageObject\",\"inLanguage\":\"en-US\",\"@id\":\"https:\\\/\\\/secure.gravatar.com\\\/avatar\\\/33e39b9fbaf6777afb9b8559d921c4d22f4fd87cba8562434fa169fa71aeb1b3?s=96&d=mm&r=g\",\"url\":\"https:\\\/\\\/secure.gravatar.com\\\/avatar\\\/33e39b9fbaf6777afb9b8559d921c4d22f4fd87cba8562434fa169fa71aeb1b3?s=96&d=mm&r=g\",\"contentUrl\":\"https:\\\/\\\/secure.gravatar.com\\\/avatar\\\/33e39b9fbaf6777afb9b8559d921c4d22f4fd87cba8562434fa169fa71aeb1b3?s=96&d=mm&r=g\",\"caption\":\"Michael Krell\"},\"url\":\"https:\\\/\\\/www.michael-krell.com\\\/en\\\/author\\\/krelli\\\/\"}]}<\/script>\n<!-- \/ Yoast SEO plugin. -->","yoast_head_json":{"title":"Athletin Julia Langdistanzdebut in 9:26 Std. - Michael Krell Triathlon Coaching","robots":{"index":"index","follow":"follow","max-snippet":"max-snippet:-1","max-image-preview":"max-image-preview:large","max-video-preview":"max-video-preview:-1"},"canonical":"https:\/\/www.michael-krell.com\/en\/athletin-julia-langdistanzdebut-in-926-std\/","og_locale":"en_US","og_type":"article","og_title":"Athletin Julia Langdistanzdebut in 9:26 Std. - Michael Krell Triathlon Coaching","og_description":"Letzte Woche stand ganz im Zeichen des gr\u00f6\u00dften Triathlons der Welt, dem Challenge Roth bei N\u00fcrnberg. Obwohl ich selber schon [&hellip;]","og_url":"https:\/\/www.michael-krell.com\/en\/athletin-julia-langdistanzdebut-in-926-std\/","og_site_name":"Michael Krell Triathlon Coaching","article_published_time":"2023-06-29T05:10:29+00:00","article_modified_time":"2023-06-29T05:18:49+00:00","og_image":[{"width":776,"height":1380,"url":"https:\/\/www.michael-krell.com\/wp-content\/uploads\/2023\/06\/Julia-Roth-23-9_26-Std.jpg","type":"image\/jpeg"}],"author":"Michael Krell","twitter_card":"summary_large_image","twitter_misc":{"Written by":"Michael Krell","Est. reading time":"1 minute"},"schema":{"@context":"https:\/\/schema.org","@graph":[{"@type":"Article","@id":"https:\/\/www.michael-krell.com\/en\/athletin-julia-langdistanzdebut-in-926-std\/#article","isPartOf":{"@id":"https:\/\/www.michael-krell.com\/en\/athletin-julia-langdistanzdebut-in-926-std\/"},"author":{"name":"Michael Krell","@id":"https:\/\/www.michael-krell.com\/en\/#\/schema\/person\/e5b466996ad26538a3241fcdb2d393d2"},"headline":"Athletin Julia Langdistanzdebut in 9:26 Std.","datePublished":"2023-06-29T05:10:29+00:00","dateModified":"2023-06-29T05:18:49+00:00","mainEntityOfPage":{"@id":"https:\/\/www.michael-krell.com\/en\/athletin-julia-langdistanzdebut-in-926-std\/"},"wordCount":235,"image":{"@id":"https:\/\/www.michael-krell.com\/en\/athletin-julia-langdistanzdebut-in-926-std\/#primaryimage"},"thumbnailUrl":"https:\/\/www.michael-krell.com\/wp-content\/uploads\/2023\/06\/Julia-Roth-23-9_26-Std.jpg","keywords":["Challenge Roth","Julia Krell","krelli","Langdistanz","Michael Krell","Trainingscamp","Trainingslager Zypern","triathlon coach","triathlon coaching","triathlon trainer","triathlon training"],"articleSection":["Coaching"],"inLanguage":"en-US"},{"@type":"WebPage","@id":"https:\/\/www.michael-krell.com\/en\/athletin-julia-langdistanzdebut-in-926-std\/","url":"https:\/\/www.michael-krell.com\/en\/athletin-julia-langdistanzdebut-in-926-std\/","name":"Athletin Julia Langdistanzdebut in 9:26 Std. - Michael Krell Triathlon Coaching","isPartOf":{"@id":"https:\/\/www.michael-krell.com\/en\/#website"},"primaryImageOfPage":{"@id":"https:\/\/www.michael-krell.com\/en\/athletin-julia-langdistanzdebut-in-926-std\/#primaryimage"},"image":{"@id":"https:\/\/www.michael-krell.com\/en\/athletin-julia-langdistanzdebut-in-926-std\/#primaryimage"},"thumbnailUrl":"https:\/\/www.michael-krell.com\/wp-content\/uploads\/2023\/06\/Julia-Roth-23-9_26-Std.jpg","datePublished":"2023-06-29T05:10:29+00:00","dateModified":"2023-06-29T05:18:49+00:00","author":{"@id":"https:\/\/www.michael-krell.com\/en\/#\/schema\/person\/e5b466996ad26538a3241fcdb2d393d2"},"breadcrumb":{"@id":"https:\/\/www.michael-krell.com\/en\/athletin-julia-langdistanzdebut-in-926-std\/#breadcrumb"},"inLanguage":"en-US","potentialAction":[{"@type":"ReadAction","target":["https:\/\/www.michael-krell.com\/en\/athletin-julia-langdistanzdebut-in-926-std\/"]}]},{"@type":"ImageObject","inLanguage":"en-US","@id":"https:\/\/www.michael-krell.com\/en\/athletin-julia-langdistanzdebut-in-926-std\/#primaryimage","url":"https:\/\/www.michael-krell.com\/wp-content\/uploads\/2023\/06\/Julia-Roth-23-9_26-Std.jpg","contentUrl":"https:\/\/www.michael-krell.com\/wp-content\/uploads\/2023\/06\/Julia-Roth-23-9_26-Std.jpg","width":776,"height":1380},{"@type":"BreadcrumbList","@id":"https:\/\/www.michael-krell.com\/en\/athletin-julia-langdistanzdebut-in-926-std\/#breadcrumb","itemListElement":[{"@type":"ListItem","position":1,"name":"Startseite","item":"https:\/\/www.michael-krell.com\/"},{"@type":"ListItem","position":2,"name":"Athletin Julia Langdistanzdebut in 9:26 Std."}]},{"@type":"WebSite","@id":"https:\/\/www.michael-krell.com\/en\/#website","url":"https:\/\/www.michael-krell.com\/en\/","name":"Michael Krell Triathlon Coaching","description":"","potentialAction":[{"@type":"SearchAction","target":{"@type":"EntryPoint","urlTemplate":"https:\/\/www.michael-krell.com\/en\/?s={search_term_string}"},"query-input":{"@type":"PropertyValueSpecification","valueRequired":true,"valueName":"search_term_string"}}],"inLanguage":"en-US"},{"@type":"Person","@id":"https:\/\/www.michael-krell.com\/en\/#\/schema\/person\/e5b466996ad26538a3241fcdb2d393d2","name":"Michael Krell","image":{"@type":"ImageObject","inLanguage":"en-US","@id":"https:\/\/secure.gravatar.com\/avatar\/33e39b9fbaf6777afb9b8559d921c4d22f4fd87cba8562434fa169fa71aeb1b3?s=96&d=mm&r=g","url":"https:\/\/secure.gravatar.com\/avatar\/33e39b9fbaf6777afb9b8559d921c4d22f4fd87cba8562434fa169fa71aeb1b3?s=96&d=mm&r=g","contentUrl":"https:\/\/secure.gravatar.com\/avatar\/33e39b9fbaf6777afb9b8559d921c4d22f4fd87cba8562434fa169fa71aeb1b3?s=96&d=mm&r=g","caption":"Michael Krell"},"url":"https:\/\/www.michael-krell.com\/en\/author\/krelli\/"}]}},"_links":{"self":[{"href":"https:\/\/www.michael-krell.com\/en\/wp-json\/wp\/v2\/posts\/5463","targetHints":{"allow":["GET"]}}],"collection":[{"href":"https:\/\/www.michael-krell.com\/en\/wp-json\/wp\/v2\/posts"}],"about":[{"href":"https:\/\/www.michael-krell.com\/en\/wp-json\/wp\/v2\/types\/post"}],"author":[{"embeddable":true,"href":"https:\/\/www.michael-krell.com\/en\/wp-json\/wp\/v2\/users\/2"}],"replies":[{"embeddable":true,"href":"https:\/\/www.michael-krell.com\/en\/wp-json\/wp\/v2\/comments?post=5463"}],"version-history":[{"count":9,"href":"https:\/\/www.michael-krell.com\/en\/wp-json\/wp\/v2\/posts\/5463\/revisions"}],"predecessor-version":[{"id":5472,"href":"https:\/\/www.michael-krell.com\/en\/wp-json\/wp\/v2\/posts\/5463\/revisions\/5472"}],"wp:featuredmedia":[{"embeddable":true,"href":"https:\/\/www.michael-krell.com\/en\/wp-json\/wp\/v2\/media\/5462"}],"wp:attachment":[{"href":"https:\/\/www.michael-krell.com\/en\/wp-json\/wp\/v2\/media?parent=5463"}],"wp:term":[{"taxonomy":"category","embeddable":true,"href":"https:\/\/www.michael-krell.com\/en\/wp-json\/wp\/v2\/categories?post=5463"},{"taxonomy":"post_tag","embeddable":true,"href":"https:\/\/www.michael-krell.com\/en\/wp-json\/wp\/v2\/tags?post=5463"}],"curies":[{"name":"wp","href":"https:\/\/api.w.org\/{rel}","templated":true}]}}