{"id":805,"date":"2010-06-26T20:38:00","date_gmt":"2010-06-26T18:38:00","guid":{"rendered":"http:\/\/www.michael-krell.com\/?p=805"},"modified":"2017-05-16T14:48:35","modified_gmt":"2017-05-16T12:48:35","slug":"saucooles-event-durch-die-nuernberger-altstadt-am-12-09","status":"publish","type":"post","link":"https:\/\/www.michael-krell.com\/en\/saucooles-event-durch-die-nuernberger-altstadt-am-12-09\/","title":{"rendered":"really cool event through the old town of Nuremberg on September 12th."},"content":{"rendered":"<div style=\"clear: both; text-align: center;\"><a href=\"http:\/\/2.bp.blogspot.com\/_0j3c4ndfFAY\/TCZIKS5wU2I\/AAAAAAAABsc\/8Q3eXl8fQnY\/s1600\/CIMG2678.JPG\" style=\"margin-left: 1em; margin-right: 1em;\"><img loading=\"lazy\" decoding=\"async\" border=\"0\" height=\"300\" src=\"http:\/\/2.bp.blogspot.com\/_0j3c4ndfFAY\/TCZIKS5wU2I\/AAAAAAAABsc\/8Q3eXl8fQnY\/s400\/CIMG2678.JPG\" width=\"400\" \/><\/a><\/div>\n<p>For the city of Nuremberg I am organizing on September 12th. and during the well-known cycling classic &quot;<a href=\"http:\/\/www.radrennen.de\/\">Around the old town of Nuremberg<\/a>\u201cAn alternative supporting program at lunchtime. Right through the world-famous historic old town is a <b>Run &amp; Bike competition<\/b> occur! On the original route of the bike race and past tens of thousands of spectators. I would like to start myself \ud83d\ude09 <\/p>\n<div style=\"clear: both; text-align: left;\">From my previous posts you are starting to know what a race looks like in which two runners share a bike and alternately run and cycle. The distance between the two must never be more than 10 meters. For those of you who can&#039;t imagine anything about it, here is a short video from the last time: <a href=\"http:\/\/www.youtube.com\/watch?v=bPyptA0lcto\">just click here<\/a><\/div>\n<p>You can choose between the normal distance of 2.5 rounds of the old town (8km) and the trial distance of 1.5 rounds (4.5km). It goes up the beautiful castle hill several times. For the participating teams of two, the whole thing is a great experience and also a lot of fun!<\/p>\n<div style=\"clear: both; text-align: center;\"><a href=\"http:\/\/3.bp.blogspot.com\/_0j3c4ndfFAY\/TCZImXZB-wI\/AAAAAAAABsk\/LZ0oen734Gg\/s1600\/CIMG2731.JPG\" style=\"margin-left: 1em; margin-right: 1em;\"><img loading=\"lazy\" decoding=\"async\" border=\"0\" height=\"300\" src=\"http:\/\/3.bp.blogspot.com\/_0j3c4ndfFAY\/TCZImXZB-wI\/AAAAAAAABsk\/LZ0oen734Gg\/s400\/CIMG2731.JPG\" width=\"400\" \/><\/a><\/div>\n<p>Click here for the <a href=\"http:\/\/www.radrennen.de\/index.php?navi=1&amp;rid=2&amp;artid=528\">Registration<\/a> (Registration costs until July 14th <b>only 15 \u20ac per team!<\/b>) <br \/>You will also find all information and explanations about the process there.<\/p>\n<p>Have a nice Weekend!<br \/>krelli<\/p>","protected":false},"excerpt":{"rendered":"<p>For the city of Nuremberg I&#039;m organizing on September 12th. and during the well-known bike classic &quot;Around Nuremberg Old Town&quot; an alternative [...]<\/p>","protected":false},"author":2,"featured_media":0,"comment_status":"open","ping_status":"open","sticky":false,"template":"","format":"standard","meta":{"footnotes":""},"categories":[1220],"tags":[],"class_list":["post-805","post","type-post","status-publish","format-standard","hentry","category-privates"],"yoast_head":"<!-- This site is optimized with the Yoast SEO plugin v19.8 - https:\/\/yoast.com\/wordpress\/plugins\/seo\/ -->\n<title>saucooles Event durch die N\u00fcrnberger Altstadt am 12.09. - Michael Krell Triathlon Coaching<\/title>\n<meta name=\"robots\" content=\"index, follow, max-snippet:-1, max-image-preview:large, max-video-preview:-1\" \/>\n<link rel=\"canonical\" href=\"https:\/\/www.michael-krell.com\/en\/saucooles-event-durch-die-nuernberger-altstadt-am-12-09\/\" \/>\n<meta property=\"og:locale\" content=\"en_US\" \/>\n<meta property=\"og:type\" content=\"article\" \/>\n<meta property=\"og:title\" content=\"saucooles Event durch die N\u00fcrnberger Altstadt am 12.09. - Michael Krell Triathlon Coaching\" \/>\n<meta property=\"og:description\" content=\"F\u00fcr die Stadt N\u00fcrnberg organisiere ich am 12.09. und w\u00e4hrend des bekannten Radklassikers &#8222;Rund um die N\u00fcrnberger Altstadt&#8220; ein alternatives [&hellip;]\" \/>\n<meta property=\"og:url\" content=\"https:\/\/www.michael-krell.com\/en\/saucooles-event-durch-die-nuernberger-altstadt-am-12-09\/\" \/>\n<meta property=\"og:site_name\" content=\"Michael Krell Triathlon Coaching\" \/>\n<meta property=\"article:published_time\" content=\"2010-06-26T18:38:00+00:00\" \/>\n<meta property=\"article:modified_time\" content=\"2017-05-16T12:48:35+00:00\" \/>\n<meta property=\"og:image\" content=\"http:\/\/2.bp.blogspot.com\/_0j3c4ndfFAY\/TCZIKS5wU2I\/AAAAAAAABsc\/8Q3eXl8fQnY\/s400\/CIMG2678.JPG\" \/>\n<meta name=\"author\" content=\"Michael Krell\" \/>\n<meta name=\"twitter:card\" content=\"summary_large_image\" \/>\n<meta name=\"twitter:label1\" content=\"Written by\" \/>\n\t<meta name=\"twitter:data1\" content=\"Michael Krell\" \/>\n\t<meta name=\"twitter:label2\" content=\"Est. reading time\" \/>\n\t<meta name=\"twitter:data2\" content=\"1 minute\" \/>\n<script type=\"application\/ld+json\" class=\"yoast-schema-graph\">{\"@context\":\"https:\/\/schema.org\",\"@graph\":[{\"@type\":\"WebPage\",\"@id\":\"https:\/\/www.michael-krell.com\/en\/saucooles-event-durch-die-nuernberger-altstadt-am-12-09\/\",\"url\":\"https:\/\/www.michael-krell.com\/en\/saucooles-event-durch-die-nuernberger-altstadt-am-12-09\/\",\"name\":\"saucooles Event durch die N\u00fcrnberger Altstadt am 12.09. - Michael Krell Triathlon Coaching\",\"isPartOf\":{\"@id\":\"https:\/\/www.michael-krell.com\/en\/#website\"},\"datePublished\":\"2010-06-26T18:38:00+00:00\",\"dateModified\":\"2017-05-16T12:48:35+00:00\",\"author\":{\"@id\":\"https:\/\/www.michael-krell.com\/en\/#\/schema\/person\/17d0c03cb1e15db7305e41b6170a4237\"},\"breadcrumb\":{\"@id\":\"https:\/\/www.michael-krell.com\/en\/saucooles-event-durch-die-nuernberger-altstadt-am-12-09\/#breadcrumb\"},\"inLanguage\":\"en-US\",\"potentialAction\":[{\"@type\":\"ReadAction\",\"target\":[\"https:\/\/www.michael-krell.com\/en\/saucooles-event-durch-die-nuernberger-altstadt-am-12-09\/\"]}]},{\"@type\":\"BreadcrumbList\",\"@id\":\"https:\/\/www.michael-krell.com\/en\/saucooles-event-durch-die-nuernberger-altstadt-am-12-09\/#breadcrumb\",\"itemListElement\":[{\"@type\":\"ListItem\",\"position\":1,\"name\":\"Startseite\",\"item\":\"https:\/\/www.michael-krell.com\/en\/\"},{\"@type\":\"ListItem\",\"position\":2,\"name\":\"saucooles Event durch die N\u00fcrnberger Altstadt am 12.09.\"}]},{\"@type\":\"WebSite\",\"@id\":\"https:\/\/www.michael-krell.com\/en\/#website\",\"url\":\"https:\/\/www.michael-krell.com\/en\/\",\"name\":\"Michael Krell Triathlon Coaching\",\"description\":\"\",\"potentialAction\":[{\"@type\":\"SearchAction\",\"target\":{\"@type\":\"EntryPoint\",\"urlTemplate\":\"https:\/\/www.michael-krell.com\/en\/?s={search_term_string}\"},\"query-input\":\"required name=search_term_string\"}],\"inLanguage\":\"en-US\"},{\"@type\":\"Person\",\"@id\":\"https:\/\/www.michael-krell.com\/en\/#\/schema\/person\/17d0c03cb1e15db7305e41b6170a4237\",\"name\":\"Michael Krell\",\"image\":{\"@type\":\"ImageObject\",\"inLanguage\":\"en-US\",\"@id\":\"https:\/\/www.michael-krell.com\/en\/#\/schema\/person\/image\/\",\"url\":\"https:\/\/secure.gravatar.com\/avatar\/33e39b9fbaf6777afb9b8559d921c4d22f4fd87cba8562434fa169fa71aeb1b3?s=96&d=mm&r=g\",\"contentUrl\":\"https:\/\/secure.gravatar.com\/avatar\/33e39b9fbaf6777afb9b8559d921c4d22f4fd87cba8562434fa169fa71aeb1b3?s=96&d=mm&r=g\",\"caption\":\"Michael Krell\"},\"url\":\"https:\/\/www.michael-krell.com\/en\/author\/krelli\/\"}]}<\/script>\n<!-- \/ Yoast SEO plugin. -->","yoast_head_json":{"title":"saucooles Event durch die N\u00fcrnberger Altstadt am 12.09. - Michael Krell Triathlon Coaching","robots":{"index":"index","follow":"follow","max-snippet":"max-snippet:-1","max-image-preview":"max-image-preview:large","max-video-preview":"max-video-preview:-1"},"canonical":"https:\/\/www.michael-krell.com\/en\/saucooles-event-durch-die-nuernberger-altstadt-am-12-09\/","og_locale":"en_US","og_type":"article","og_title":"saucooles Event durch die N\u00fcrnberger Altstadt am 12.09. - Michael Krell Triathlon Coaching","og_description":"F\u00fcr die Stadt N\u00fcrnberg organisiere ich am 12.09. und w\u00e4hrend des bekannten Radklassikers &#8222;Rund um die N\u00fcrnberger Altstadt&#8220; ein alternatives [&hellip;]","og_url":"https:\/\/www.michael-krell.com\/en\/saucooles-event-durch-die-nuernberger-altstadt-am-12-09\/","og_site_name":"Michael Krell Triathlon Coaching","article_published_time":"2010-06-26T18:38:00+00:00","article_modified_time":"2017-05-16T12:48:35+00:00","og_image":[{"url":"http:\/\/2.bp.blogspot.com\/_0j3c4ndfFAY\/TCZIKS5wU2I\/AAAAAAAABsc\/8Q3eXl8fQnY\/s400\/CIMG2678.JPG"}],"author":"Michael Krell","twitter_card":"summary_large_image","twitter_misc":{"Written by":"Michael Krell","Est. reading time":"1 minute"},"schema":{"@context":"https:\/\/schema.org","@graph":[{"@type":"WebPage","@id":"https:\/\/www.michael-krell.com\/en\/saucooles-event-durch-die-nuernberger-altstadt-am-12-09\/","url":"https:\/\/www.michael-krell.com\/en\/saucooles-event-durch-die-nuernberger-altstadt-am-12-09\/","name":"saucooles Event durch die N\u00fcrnberger Altstadt am 12.09. - Michael Krell Triathlon Coaching","isPartOf":{"@id":"https:\/\/www.michael-krell.com\/en\/#website"},"datePublished":"2010-06-26T18:38:00+00:00","dateModified":"2017-05-16T12:48:35+00:00","author":{"@id":"https:\/\/www.michael-krell.com\/en\/#\/schema\/person\/17d0c03cb1e15db7305e41b6170a4237"},"breadcrumb":{"@id":"https:\/\/www.michael-krell.com\/en\/saucooles-event-durch-die-nuernberger-altstadt-am-12-09\/#breadcrumb"},"inLanguage":"en-US","potentialAction":[{"@type":"ReadAction","target":["https:\/\/www.michael-krell.com\/en\/saucooles-event-durch-die-nuernberger-altstadt-am-12-09\/"]}]},{"@type":"BreadcrumbList","@id":"https:\/\/www.michael-krell.com\/en\/saucooles-event-durch-die-nuernberger-altstadt-am-12-09\/#breadcrumb","itemListElement":[{"@type":"ListItem","position":1,"name":"Startseite","item":"https:\/\/www.michael-krell.com\/en\/"},{"@type":"ListItem","position":2,"name":"saucooles Event durch die N\u00fcrnberger Altstadt am 12.09."}]},{"@type":"WebSite","@id":"https:\/\/www.michael-krell.com\/en\/#website","url":"https:\/\/www.michael-krell.com\/en\/","name":"Michael Krell Triathlon Coaching","description":"","potentialAction":[{"@type":"SearchAction","target":{"@type":"EntryPoint","urlTemplate":"https:\/\/www.michael-krell.com\/en\/?s={search_term_string}"},"query-input":"required name=search_term_string"}],"inLanguage":"en-US"},{"@type":"Person","@id":"https:\/\/www.michael-krell.com\/en\/#\/schema\/person\/17d0c03cb1e15db7305e41b6170a4237","name":"Michael Krell","image":{"@type":"ImageObject","inLanguage":"en-US","@id":"https:\/\/www.michael-krell.com\/en\/#\/schema\/person\/image\/","url":"https:\/\/secure.gravatar.com\/avatar\/33e39b9fbaf6777afb9b8559d921c4d22f4fd87cba8562434fa169fa71aeb1b3?s=96&d=mm&r=g","contentUrl":"https:\/\/secure.gravatar.com\/avatar\/33e39b9fbaf6777afb9b8559d921c4d22f4fd87cba8562434fa169fa71aeb1b3?s=96&d=mm&r=g","caption":"Michael Krell"},"url":"https:\/\/www.michael-krell.com\/en\/author\/krelli\/"}]}},"_links":{"self":[{"href":"https:\/\/www.michael-krell.com\/en\/wp-json\/wp\/v2\/posts\/805","targetHints":{"allow":["GET"]}}],"collection":[{"href":"https:\/\/www.michael-krell.com\/en\/wp-json\/wp\/v2\/posts"}],"about":[{"href":"https:\/\/www.michael-krell.com\/en\/wp-json\/wp\/v2\/types\/post"}],"author":[{"embeddable":true,"href":"https:\/\/www.michael-krell.com\/en\/wp-json\/wp\/v2\/users\/2"}],"replies":[{"embeddable":true,"href":"https:\/\/www.michael-krell.com\/en\/wp-json\/wp\/v2\/comments?post=805"}],"version-history":[{"count":1,"href":"https:\/\/www.michael-krell.com\/en\/wp-json\/wp\/v2\/posts\/805\/revisions"}],"predecessor-version":[{"id":4219,"href":"https:\/\/www.michael-krell.com\/en\/wp-json\/wp\/v2\/posts\/805\/revisions\/4219"}],"wp:attachment":[{"href":"https:\/\/www.michael-krell.com\/en\/wp-json\/wp\/v2\/media?parent=805"}],"wp:term":[{"taxonomy":"category","embeddable":true,"href":"https:\/\/www.michael-krell.com\/en\/wp-json\/wp\/v2\/categories?post=805"},{"taxonomy":"post_tag","embeddable":true,"href":"https:\/\/www.michael-krell.com\/en\/wp-json\/wp\/v2\/tags?post=805"}],"curies":[{"name":"wp","href":"https:\/\/api.w.org\/{rel}","templated":true}]}}